{"id":58817,"date":"2026-05-01T12:15:39","date_gmt":"2026-05-01T12:15:39","guid":{"rendered":"https:\/\/defrentealaverdad.com\/?p=58817"},"modified":"2026-05-01T17:46:34","modified_gmt":"2026-05-01T17:46:34","slug":"reafirman-compromiso-con-el-trabajo-digno-y-la-formacion-tecnico-profesional-en-el-dia-internacional-de-los-trabajadores","status":"publish","type":"post","link":"https:\/\/defrentealaverdad.com\/index.php\/2026\/05\/01\/reafirman-compromiso-con-el-trabajo-digno-y-la-formacion-tecnico-profesional-en-el-dia-internacional-de-los-trabajadores\/","title":{"rendered":"Reafirman compromiso con el trabajo digno y la formaci\u00f3n t\u00e9cnico profesional en el D\u00eda Internacional de los Trabajadores"},"content":{"rendered":"<blockquote>\n<p style=\"text-align: center;\">La Directora General del INFOTEP afirma que la capacitaci\u00f3n ha beneficiado a m\u00e1s de 4.8 millones de trabajadores y trabajadoras, elevando sus oportunidades de inserci\u00f3n laboral.<\/p>\n<\/blockquote>\n<p style=\"text-align: justify;\"><strong>Santo Domingo.<\/strong> &#8211; La directora general del Instituto Nacional de Formaci\u00f3n T\u00e9cnico Profesional (INFOTEP), Maira Morla Pineda, destac\u00f3 el papel transformador del trabajo digno y la importancia estrat\u00e9gica de la formaci\u00f3n t\u00e9cnico profesional para el desarrollo del pa\u00eds, durante el acto conmemorativo del D\u00eda Internacional de los Trabajadores organizado por las Centrales Sindicales.<\/p>\n<p style=\"text-align: justify;\">Morla Pineda resalt\u00f3 que esta fecha simboliza la lucha hist\u00f3rica por los derechos laborales y la necesidad de seguir promoviendo condiciones de trabajo m\u00e1s justas, equitativas y dignas.<\/p>\n<blockquote>\n<p style=\"text-align: center;\">\u201cHablar de trabajo es hablar de oportunidades, de crecimiento, de bienestar y de dignidad humana. Y precisamente ah\u00ed radica nuestra misi\u00f3n: formar talento humano, fortalecer capacidades y abrir caminos reales de superaci\u00f3n para miles de dominicanos y dominicanas\u201d, expres\u00f3.<\/p>\n<\/blockquote>\n<p style=\"text-align: justify;\">La titular del INFOTEP inform\u00f3 que, en los \u00faltimos cinco a\u00f1os, el INFOTEP ha capacitado a m\u00e1s de 4.8 millones de trabajadores y trabajadoras, de los cuales m\u00e1s de 2.6 millones han recibido certificaciones, equivalente al 62 %, fortaleciendo sus oportunidades de empleo y crecimiento laboral.<\/p>\n<p style=\"text-align: justify;\">Enfatiz\u00f3 que el INFOTEP es una instituci\u00f3n sustentada en el di\u00e1logo social y el modelo tripartito, integrado por trabajadores, empleadores y el Estado, el cual defini\u00f3 como una visi\u00f3n de desarrollo compartido.<\/p>\n<p style=\"text-align: justify;\">En ese sentido, valor\u00f3 el rol de las centrales sindicales CNTD, CNUS y CASC, destacando su participaci\u00f3n activa en la gobernanza institucional y su compromiso con la defensa de los derechos de los trabajadores.<\/p>\n<p style=\"text-align: justify;\">Finalmente, dirigi\u00f3 un mensaje a los trabajadores dominicanos, reconociendo su aporte al desarrollo nacional.<\/p>\n<blockquote>\n<p style=\"text-align: center;\">\u201cUstedes son el motor de nuestro pa\u00eds. Su esfuerzo diario, su dedicaci\u00f3n y su capacidad de reinventarse son la base sobre la cual se construye el desarrollo nacional\u201d, manifest\u00f3.<\/p>\n<\/blockquote>\n<p style=\"text-align: justify;\">Morla concluy\u00f3 exhortando a renovar el compromiso colectivo con un pa\u00eds donde el trabajo sea sin\u00f3nimo de dignidad, oportunidades y progreso compartido.<\/p>\n<p>Fuente: Prensa INFOTEP<\/p>\n","protected":false},"excerpt":{"rendered":"<p>La Directora General del INFOTEP afirma que la capacitaci\u00f3n ha beneficiado a m\u00e1s de 4.8<\/p>\n","protected":false},"author":2,"featured_media":58818,"comment_status":"open","ping_status":"open","sticky":false,"template":"","format":"standard","meta":{"footnotes":""},"categories":[7],"tags":[],"class_list":["post-58817","post","type-post","status-publish","format-standard","has-post-thumbnail","hentry","category-nacionales"],"_links":{"self":[{"href":"https:\/\/defrentealaverdad.com\/index.php\/wp-json\/wp\/v2\/posts\/58817","targetHints":{"allow":["GET"]}}],"collection":[{"href":"https:\/\/defrentealaverdad.com\/index.php\/wp-json\/wp\/v2\/posts"}],"about":[{"href":"https:\/\/defrentealaverdad.com\/index.php\/wp-json\/wp\/v2\/types\/post"}],"author":[{"embeddable":true,"href":"https:\/\/defrentealaverdad.com\/index.php\/wp-json\/wp\/v2\/users\/2"}],"replies":[{"embeddable":true,"href":"https:\/\/defrentealaverdad.com\/index.php\/wp-json\/wp\/v2\/comments?post=58817"}],"version-history":[{"count":1,"href":"https:\/\/defrentealaverdad.com\/index.php\/wp-json\/wp\/v2\/posts\/58817\/revisions"}],"predecessor-version":[{"id":58819,"href":"https:\/\/defrentealaverdad.com\/index.php\/wp-json\/wp\/v2\/posts\/58817\/revisions\/58819"}],"wp:featuredmedia":[{"embeddable":true,"href":"https:\/\/defrentealaverdad.com\/index.php\/wp-json\/wp\/v2\/media\/58818"}],"wp:attachment":[{"href":"https:\/\/defrentealaverdad.com\/index.php\/wp-json\/wp\/v2\/media?parent=58817"}],"wp:term":[{"taxonomy":"category","embeddable":true,"href":"https:\/\/defrentealaverdad.com\/index.php\/wp-json\/wp\/v2\/categories?post=58817"},{"taxonomy":"post_tag","embeddable":true,"href":"https:\/\/defrentealaverdad.com\/index.php\/wp-json\/wp\/v2\/tags?post=58817"}],"curies":[{"name":"wp","href":"https:\/\/api.w.org\/{rel}","templated":true}]}}