{"id":58815,"date":"2026-05-01T13:42:32","date_gmt":"2026-05-01T13:42:32","guid":{"rendered":"https:\/\/defrentealaverdad.com\/?p=58815"},"modified":"2026-05-01T17:44:14","modified_gmt":"2026-05-01T17:44:14","slug":"opinion-invitada-plantean-necesidad-de-formacion-ciudadana-ante-aumento-de-grabaciones-en-emergencias","status":"publish","type":"post","link":"https:\/\/defrentealaverdad.com\/index.php\/2026\/05\/01\/opinion-invitada-plantean-necesidad-de-formacion-ciudadana-ante-aumento-de-grabaciones-en-emergencias\/","title":{"rendered":"Opini\u00f3n Invitada: Plantean necesidad de formaci\u00f3n ciudadana ante aumento de grabaciones en emergencias"},"content":{"rendered":"<p style=\"text-align: justify;\"><strong>Santo Domingo.\u2013<\/strong> El abogado Asiaraf Serulle afirm\u00f3 que grabar situaciones de emergencia no debe ser la primera reacci\u00f3n de los ciudadanos, al advertir que esta pr\u00e1ctica, cada vez m\u00e1s com\u00fan, est\u00e1 desplazando acciones que pueden salvar vidas.<\/p>\n<p style=\"text-align: justify;\">En su art\u00edculo titulado <em>\u201cGrabar no puede ser la primera reacci\u00f3n\u201d,<\/em> el especialista en derecho plantea que, aunque la tecnolog\u00eda facilita documentar, su uso impulsivo est\u00e1 fomentando una cultura de pasividad ante situaciones cr\u00edticas. Se\u00f1ala que muchas personas optan por grabar en lugar de intervenir o buscar ayuda, lo que refleja una preocupante normalizaci\u00f3n de esta conducta.<\/p>\n<p style=\"text-align: justify;\">Serulle enfatiza que, en contextos donde una vida est\u00e1 en riesgo, acciones como llamar al 911, alertar a las autoridades o asistir dentro de las posibilidades de cada persona deben tener prioridad sobre la captaci\u00f3n de im\u00e1genes para redes sociales.<\/p>\n<p style=\"text-align: justify;\">El autor tambi\u00e9n subraya que esta realidad evidencia una debilidad estructural: la falta de preparaci\u00f3n ciudadana para actuar en emergencias. En ese sentido, destaca la necesidad de promover la formaci\u00f3n en primeros auxilios, manejo de riesgos y protocolos b\u00e1sicos de actuaci\u00f3n.<\/p>\n<p style=\"text-align: justify;\">Asimismo, sostiene que el problema no radica en la tecnolog\u00eda, sino en el uso que se le est\u00e1 dando y en las prioridades que como sociedad se est\u00e1n estableciendo.<\/p>\n<p>Fuente: A. Serulle<\/p>\n","protected":false},"excerpt":{"rendered":"<p>Santo Domingo.\u2013 El abogado Asiaraf Serulle afirm\u00f3 que grabar situaciones de emergencia no debe ser<\/p>\n","protected":false},"author":1,"featured_media":56913,"comment_status":"open","ping_status":"open","sticky":false,"template":"","format":"standard","meta":{"footnotes":""},"categories":[4],"tags":[],"class_list":["post-58815","post","type-post","status-publish","format-standard","has-post-thumbnail","hentry","category-opiniones"],"_links":{"self":[{"href":"https:\/\/defrentealaverdad.com\/index.php\/wp-json\/wp\/v2\/posts\/58815","targetHints":{"allow":["GET"]}}],"collection":[{"href":"https:\/\/defrentealaverdad.com\/index.php\/wp-json\/wp\/v2\/posts"}],"about":[{"href":"https:\/\/defrentealaverdad.com\/index.php\/wp-json\/wp\/v2\/types\/post"}],"author":[{"embeddable":true,"href":"https:\/\/defrentealaverdad.com\/index.php\/wp-json\/wp\/v2\/users\/1"}],"replies":[{"embeddable":true,"href":"https:\/\/defrentealaverdad.com\/index.php\/wp-json\/wp\/v2\/comments?post=58815"}],"version-history":[{"count":1,"href":"https:\/\/defrentealaverdad.com\/index.php\/wp-json\/wp\/v2\/posts\/58815\/revisions"}],"predecessor-version":[{"id":58816,"href":"https:\/\/defrentealaverdad.com\/index.php\/wp-json\/wp\/v2\/posts\/58815\/revisions\/58816"}],"wp:featuredmedia":[{"embeddable":true,"href":"https:\/\/defrentealaverdad.com\/index.php\/wp-json\/wp\/v2\/media\/56913"}],"wp:attachment":[{"href":"https:\/\/defrentealaverdad.com\/index.php\/wp-json\/wp\/v2\/media?parent=58815"}],"wp:term":[{"taxonomy":"category","embeddable":true,"href":"https:\/\/defrentealaverdad.com\/index.php\/wp-json\/wp\/v2\/categories?post=58815"},{"taxonomy":"post_tag","embeddable":true,"href":"https:\/\/defrentealaverdad.com\/index.php\/wp-json\/wp\/v2\/tags?post=58815"}],"curies":[{"name":"wp","href":"https:\/\/api.w.org\/{rel}","templated":true}]}}