{"id":58807,"date":"2026-05-01T09:56:10","date_gmt":"2026-05-01T09:56:10","guid":{"rendered":"https:\/\/defrentealaverdad.com\/?p=58807"},"modified":"2026-05-01T13:58:47","modified_gmt":"2026-05-01T13:58:47","slug":"ejercito-intercepta-dos-vehiculos-con-indocumentados-en-operativos-realizados-en-constanza","status":"publish","type":"post","link":"https:\/\/defrentealaverdad.com\/index.php\/2026\/05\/01\/ejercito-intercepta-dos-vehiculos-con-indocumentados-en-operativos-realizados-en-constanza\/","title":{"rendered":"Ej\u00e9rcito intercepta dos veh\u00edculos con indocumentados en operativos realizados en Constanza"},"content":{"rendered":"<p>Por F\u00e9lix Rubio<\/p>\n<p style=\"text-align: justify;\"><strong>Constanza, R.D<\/strong>. \u2013 El Ej\u00e9rcito de Rep\u00fablica Dominicana (ERD) intercept\u00f3 dos veh\u00edculos con nacionales haitianos en condici\u00f3n migratoria irregular, durante dos operativos de interdicci\u00f3n realizados en la zona de Constanza, provincia La Vega.<\/p>\n<p style=\"text-align: justify;\">En una primera intervenci\u00f3n, miembros del 6to. Batall\u00f3n de Cazadores, interceptaron en la carretera Guayabal\u2013Constanza una jeepeta marca Kia, modelo Seltos, color gris, en la cual eran transportados nueve (09) nacionales haitianos indocumentados, incluyendo al conductor.<\/p>\n<p style=\"text-align: justify;\">En un segundo operativo, efectuado en el puesto militar de Casabito, las tropas del ERD detuvieron un carro marca Hyundai, color blanco, con placa de exhibici\u00f3n, conducido por un nacional haitiano identificado como Lorient Weesly, quien transportaba a cuatro (04) nacionales haitianos en condici\u00f3n migratoria irregular.<\/p>\n<p style=\"text-align: justify;\">Los detenidos en ambos casos fueron trasladados bajo custodia militar a la Fortaleza Patria, en Constanza, desde donde fueron entregados a la Direcci\u00f3n General de Migraci\u00f3n (DGM) para los fines legales correspondientes.<\/p>\n<p style=\"text-align: justify;\">Estos operativos forman parte de las acciones permanentes que ejecuta el Ej\u00e9rcito de Rep\u00fablica Dominicana, con el objetivo de combatir el tr\u00e1fico il\u00edcito de personas y garantizar la seguridad en todo el territorio nacional.<\/p>\n<p>\u00a0 \u00a0 \u00a0 \u00a0 \u00a0 \u00a0 \u00a0 \u00a0 \u00a0 \u00a0 \u00a0 \u00a0 \u00a0 \u00a0 \u00a0 \u00a0 \u00a0 \u00a0 \u00a0 \u00a0 \u00a0 \u00a0 \u00a0 \u00a0 \u00a0 \u00a0 \u00a0 \u00a0 \u00a0 \u00a0 \u00a0 \u00a0 \u00a0 \u00a0 \u00a0 \u00a0 \u00a0 \u00a0 Fuente: Ej\u00e9rcito de Rep\u00fablica Dominicana<\/p>\n","protected":false},"excerpt":{"rendered":"<p>Por F\u00e9lix Rubio Constanza, R.D. \u2013 El Ej\u00e9rcito de Rep\u00fablica Dominicana (ERD) intercept\u00f3 dos veh\u00edculos<\/p>\n","protected":false},"author":1,"featured_media":58808,"comment_status":"open","ping_status":"open","sticky":false,"template":"","format":"standard","meta":{"footnotes":""},"categories":[7],"tags":[],"class_list":["post-58807","post","type-post","status-publish","format-standard","has-post-thumbnail","hentry","category-nacionales"],"_links":{"self":[{"href":"https:\/\/defrentealaverdad.com\/index.php\/wp-json\/wp\/v2\/posts\/58807","targetHints":{"allow":["GET"]}}],"collection":[{"href":"https:\/\/defrentealaverdad.com\/index.php\/wp-json\/wp\/v2\/posts"}],"about":[{"href":"https:\/\/defrentealaverdad.com\/index.php\/wp-json\/wp\/v2\/types\/post"}],"author":[{"embeddable":true,"href":"https:\/\/defrentealaverdad.com\/index.php\/wp-json\/wp\/v2\/users\/1"}],"replies":[{"embeddable":true,"href":"https:\/\/defrentealaverdad.com\/index.php\/wp-json\/wp\/v2\/comments?post=58807"}],"version-history":[{"count":2,"href":"https:\/\/defrentealaverdad.com\/index.php\/wp-json\/wp\/v2\/posts\/58807\/revisions"}],"predecessor-version":[{"id":58810,"href":"https:\/\/defrentealaverdad.com\/index.php\/wp-json\/wp\/v2\/posts\/58807\/revisions\/58810"}],"wp:featuredmedia":[{"embeddable":true,"href":"https:\/\/defrentealaverdad.com\/index.php\/wp-json\/wp\/v2\/media\/58808"}],"wp:attachment":[{"href":"https:\/\/defrentealaverdad.com\/index.php\/wp-json\/wp\/v2\/media?parent=58807"}],"wp:term":[{"taxonomy":"category","embeddable":true,"href":"https:\/\/defrentealaverdad.com\/index.php\/wp-json\/wp\/v2\/categories?post=58807"},{"taxonomy":"post_tag","embeddable":true,"href":"https:\/\/defrentealaverdad.com\/index.php\/wp-json\/wp\/v2\/tags?post=58807"}],"curies":[{"name":"wp","href":"https:\/\/api.w.org\/{rel}","templated":true}]}}