{"id":58804,"date":"2026-05-01T10:36:06","date_gmt":"2026-05-01T10:36:06","guid":{"rendered":"https:\/\/defrentealaverdad.com\/?p=58804"},"modified":"2026-05-01T13:44:34","modified_gmt":"2026-05-01T13:44:34","slug":"empresarios-dominicanos-fortalecen-lazos-comerciales-en-china-durante-la-feria-de-canton","status":"publish","type":"post","link":"https:\/\/defrentealaverdad.com\/index.php\/2026\/05\/01\/empresarios-dominicanos-fortalecen-lazos-comerciales-en-china-durante-la-feria-de-canton\/","title":{"rendered":"Empresarios dominicanos fortalecen lazos comerciales en China durante la Feria de Cant\u00f3n"},"content":{"rendered":"<p style=\"text-align: justify;\"><strong>Guangzhou, China.<\/strong> \u2013 Un destacado grupo de empresarios dominicanos particip\u00f3 en la reconocida Feria de Cant\u00f3n, uno de los eventos comerciales m\u00e1s importantes del mundo, reafirmando el crecimiento, la visi\u00f3n internacional y el compromiso del empresariado dominicano con el desarrollo econ\u00f3mico y la innovaci\u00f3n.<\/p>\n<p style=\"text-align: justify;\">Entre los asistentes se destacaron Fausto Florentino, presidente de Terrazas de Boca Chica, quien estuvo acompa\u00f1ado por los arquitectos Eric Rodr\u00edguez y Mildred Castillo, junto a la ingeniera Daniela Valencia, conformando un equipo t\u00e9cnico de alto nivel que respalda la calidad y visi\u00f3n del proyecto, consolidado como el desarrollo inmobiliario l\u00edder de Boca Chica.<\/p>\n<p style=\"text-align: justify;\">Tambi\u00e9n formaron parte del encuentro la empresaria e influencer Gioconda S\u00e1nchez; la artista Amara La Negra; el empresario C\u00e9sar Carmona; el productor de eventos Gabriel Reyes; la empresaria Yeomandri Collado; el ingeniero Jonathan Camilo; y Carlos S\u00e1nchez, entre otros representantes de distintos sectores.<\/p>\n<p style=\"text-align: justify;\">Durante su estad\u00eda, el grupo sostuvo un ameno encuentro en el restaurante Mi Casa, ubicado en la ciudad de Guangzhou, donde compartieron experiencias, fortalecieron relaciones comerciales y resaltaron la importancia de la cooperaci\u00f3n internacional para el crecimiento de los negocios dominicanos.<\/p>\n<p style=\"text-align: justify;\">En el encuentro, los empresarios valoraron el respaldo de la Embajada de la Rep\u00fablica Dominicana en China y de su embajador, Jos\u00e9 Julio G\u00f3mez, quien ha mantenido una cercan\u00eda constante con la comunidad dominicana en China, impulsando espacios de apoyo, orientaci\u00f3n y desarrollo empresarial.<\/p>\n<p style=\"text-align: justify;\">Uno de los aspectos m\u00e1s relevantes fue la proyecci\u00f3n internacional de Terrazas de Boca Chica, un proyecto que contin\u00faa posicion\u00e1ndose como referente del desarrollo inmobiliario en la Rep\u00fablica Dominicana, gracias a su enfoque en la calidad, planificaci\u00f3n y visi\u00f3n de crecimiento sostenible. Su presencia en escenarios internacionales fortalece la confianza de inversionistas y reafirma su liderazgo en el desarrollo tur\u00edstico de Boca Chica.<\/p>\n<p style=\"text-align: justify;\">La participaci\u00f3n en la Feria de Cant\u00f3n permiti\u00f3 a los empresarios identificar nuevas oportunidades de negocio, conocer tendencias globales y establecer alianzas estrat\u00e9gicas que impactar\u00e1n positivamente en sus respectivos sectores.<\/p>\n<p style=\"text-align: justify;\">Este encuentro evidenci\u00f3 que la comunidad dominicana en el exterior es trabajadora, visionaria y comprometida, apostando firmemente al desarrollo de un mejor pa\u00eds.<\/p>\n<p>Fuente: Prensa Feria de Cant\u00f3n 2026<\/p>\n","protected":false},"excerpt":{"rendered":"<p>Guangzhou, China. \u2013 Un destacado grupo de empresarios dominicanos particip\u00f3 en la reconocida Feria de<\/p>\n","protected":false},"author":4,"featured_media":58805,"comment_status":"open","ping_status":"open","sticky":false,"template":"","format":"standard","meta":{"footnotes":""},"categories":[16],"tags":[],"class_list":["post-58804","post","type-post","status-publish","format-standard","has-post-thumbnail","hentry","category-internacionales"],"_links":{"self":[{"href":"https:\/\/defrentealaverdad.com\/index.php\/wp-json\/wp\/v2\/posts\/58804","targetHints":{"allow":["GET"]}}],"collection":[{"href":"https:\/\/defrentealaverdad.com\/index.php\/wp-json\/wp\/v2\/posts"}],"about":[{"href":"https:\/\/defrentealaverdad.com\/index.php\/wp-json\/wp\/v2\/types\/post"}],"author":[{"embeddable":true,"href":"https:\/\/defrentealaverdad.com\/index.php\/wp-json\/wp\/v2\/users\/4"}],"replies":[{"embeddable":true,"href":"https:\/\/defrentealaverdad.com\/index.php\/wp-json\/wp\/v2\/comments?post=58804"}],"version-history":[{"count":1,"href":"https:\/\/defrentealaverdad.com\/index.php\/wp-json\/wp\/v2\/posts\/58804\/revisions"}],"predecessor-version":[{"id":58806,"href":"https:\/\/defrentealaverdad.com\/index.php\/wp-json\/wp\/v2\/posts\/58804\/revisions\/58806"}],"wp:featuredmedia":[{"embeddable":true,"href":"https:\/\/defrentealaverdad.com\/index.php\/wp-json\/wp\/v2\/media\/58805"}],"wp:attachment":[{"href":"https:\/\/defrentealaverdad.com\/index.php\/wp-json\/wp\/v2\/media?parent=58804"}],"wp:term":[{"taxonomy":"category","embeddable":true,"href":"https:\/\/defrentealaverdad.com\/index.php\/wp-json\/wp\/v2\/categories?post=58804"},{"taxonomy":"post_tag","embeddable":true,"href":"https:\/\/defrentealaverdad.com\/index.php\/wp-json\/wp\/v2\/tags?post=58804"}],"curies":[{"name":"wp","href":"https:\/\/api.w.org\/{rel}","templated":true}]}}