{"id":58801,"date":"2026-05-01T10:03:16","date_gmt":"2026-05-01T10:03:16","guid":{"rendered":"https:\/\/defrentealaverdad.com\/?p=58801"},"modified":"2026-05-01T13:14:45","modified_gmt":"2026-05-01T13:14:45","slug":"ante-diputados-silverio-defiende-rol-de-la-uasd-en-examen-de-residencias-medicas","status":"publish","type":"post","link":"https:\/\/defrentealaverdad.com\/index.php\/2026\/05\/01\/ante-diputados-silverio-defiende-rol-de-la-uasd-en-examen-de-residencias-medicas\/","title":{"rendered":"Ante diputados, Silverio defiende rol de la UASD en examen de residencias m\u00e9dicas"},"content":{"rendered":"<p style=\"text-align: justify;\"><strong>Santo Domingo<\/strong>. \u2013 El vicerrector de Investigaci\u00f3n y Postgrado de la Universidad Aut\u00f3noma de Santo Domingo (UASD), Dr. Radham\u00e9s Silverio, defendi\u00f3 ante la Comisi\u00f3n Permanente de Salud de la C\u00e1mara de Diputados el rol de la academia estatal en el Examen Nacional \u00danico de Residencias M\u00e9dicas (ENURM), destacando su importancia como garant\u00eda de transparencia, equidad y rigor cient\u00edfico en el acceso a las especialidades m\u00e9dicas.<\/p>\n<p style=\"text-align: justify;\">Durante el encuentro realizado este 30 de abril, Silverio explic\u00f3 que la participaci\u00f3n de la UASD en este proceso permite que m\u00e9dicos de distintas provincias y condiciones sociales compitan en igualdad de oportunidades por una plaza de residencia m\u00e9dica, fortaleciendo la confianza en el sistema.<\/p>\n<blockquote>\n<p style=\"text-align: center;\">\u201cEl examen de residencias m\u00e9dicas constituye una herramienta clave para asegurar la calidad en la formaci\u00f3n de especialistas y la equidad en el acceso. Preservar su institucionalidad es proteger al sistema de salud dominicano\u201d, expres\u00f3.<\/p>\n<\/blockquote>\n<p style=\"text-align: justify;\">El acad\u00e9mico aclar\u00f3 que el ENURM no es elaborado exclusivamente por la UASD, sino que se desarrolla con la participaci\u00f3n de la Asociaci\u00f3n de Facultades y Escuelas de Medicina del pa\u00eds, lo que refuerza su car\u00e1cter interinstitucional y su legitimidad.<\/p>\n<p style=\"text-align: justify;\">En el marco del di\u00e1logo, el tambi\u00e9n aspirante a la Rector\u00eda de la UASD para el per\u00edodo 2026\u20132030 present\u00f3 aspectos de su propuesta de gesti\u00f3n, estructurada en seis ejes estrat\u00e9gicos, resaltando el car\u00e1cter transversal del sector salud en la formaci\u00f3n acad\u00e9mica, la investigaci\u00f3n cient\u00edfica y el desarrollo nacional.<\/p>\n<p style=\"text-align: justify;\">Entre los planteamientos presentados, propuso fortalecer el sistema de residencias m\u00e9dicas mediante la integraci\u00f3n formal de los docentes hospitalarios al cuerpo acad\u00e9mico universitario, con el objetivo de mejorar los procesos de supervisi\u00f3n, evaluaci\u00f3n y calidad de los programas.<\/p>\n<p style=\"text-align: justify;\">Asimismo, plante\u00f3 avanzar en la consolidaci\u00f3n de hospitales docentes vinculados a la UASD, lo que permitir\u00eda fortalecer la formaci\u00f3n pr\u00e1ctica, impulsar la investigaci\u00f3n aplicada y generar soluciones desde la experiencia cl\u00ednica.<\/p>\n<p style=\"text-align: justify;\">Durante el encuentro se destac\u00f3, adem\u00e1s, la amplia oferta formativa de la UASD en el \u00e1rea de salud, incluyendo Medicina, Enfermer\u00eda, Bioan\u00e1lisis, Farmacia, Odontolog\u00eda, Imagenolog\u00eda y Atenci\u00f3n Prehospitalaria, as\u00ed como el rol de sus institutos de investigaci\u00f3n en la generaci\u00f3n de conocimiento cient\u00edfico.<\/p>\n<p style=\"text-align: justify;\">En cambio, la Dra. Yocasta Lara se\u00f1al\u00f3 las limitaciones existentes en el acceso a becas y programas de formaci\u00f3n continua para los profesionales de la salud, especialmente en el \u00e1mbito de las residencias m\u00e9dicas, planteando la necesidad de avanzar hacia un tratamiento m\u00e1s equitativo.<\/p>\n<p style=\"text-align: justify;\">Los miembros de la Comisi\u00f3n Permanente de Salud valoraron positivamente los planteamientos presentados y abordaron temas como la calidad de las residencias m\u00e9dicas en hospitales del interior, la disponibilidad de docentes en los recintos y centros regionales, y la necesidad de ampliar las oportunidades de formaci\u00f3n en las provincias.<\/p>\n<p style=\"text-align: justify;\">De igual manera, se resalt\u00f3 la importancia de fortalecer la articulaci\u00f3n entre la UASD y el poder legislativo, promoviendo el acompa\u00f1amiento t\u00e9cnico de la academia en iniciativas estrat\u00e9gicas del sector salud, como el desarrollo de la Ciudad Sanitaria de Santo Domingo Este.<\/p>\n<p style=\"text-align: justify;\">El encuentro permiti\u00f3 consolidar un espacio de di\u00e1logo entre la academia y el poder legislativo, reafirmando el compromiso de la UASD con la calidad educativa, la investigaci\u00f3n cient\u00edfica y el fortalecimiento del sistema de salud dominicano.<\/p>\n<p>Fuente: Prensa UASD<\/p>\n","protected":false},"excerpt":{"rendered":"<p>Santo Domingo. \u2013 El vicerrector de Investigaci\u00f3n y Postgrado de la Universidad Aut\u00f3noma de Santo<\/p>\n","protected":false},"author":1,"featured_media":58802,"comment_status":"open","ping_status":"open","sticky":false,"template":"","format":"standard","meta":{"footnotes":""},"categories":[7],"tags":[],"class_list":["post-58801","post","type-post","status-publish","format-standard","has-post-thumbnail","hentry","category-nacionales"],"_links":{"self":[{"href":"https:\/\/defrentealaverdad.com\/index.php\/wp-json\/wp\/v2\/posts\/58801","targetHints":{"allow":["GET"]}}],"collection":[{"href":"https:\/\/defrentealaverdad.com\/index.php\/wp-json\/wp\/v2\/posts"}],"about":[{"href":"https:\/\/defrentealaverdad.com\/index.php\/wp-json\/wp\/v2\/types\/post"}],"author":[{"embeddable":true,"href":"https:\/\/defrentealaverdad.com\/index.php\/wp-json\/wp\/v2\/users\/1"}],"replies":[{"embeddable":true,"href":"https:\/\/defrentealaverdad.com\/index.php\/wp-json\/wp\/v2\/comments?post=58801"}],"version-history":[{"count":1,"href":"https:\/\/defrentealaverdad.com\/index.php\/wp-json\/wp\/v2\/posts\/58801\/revisions"}],"predecessor-version":[{"id":58803,"href":"https:\/\/defrentealaverdad.com\/index.php\/wp-json\/wp\/v2\/posts\/58801\/revisions\/58803"}],"wp:featuredmedia":[{"embeddable":true,"href":"https:\/\/defrentealaverdad.com\/index.php\/wp-json\/wp\/v2\/media\/58802"}],"wp:attachment":[{"href":"https:\/\/defrentealaverdad.com\/index.php\/wp-json\/wp\/v2\/media?parent=58801"}],"wp:term":[{"taxonomy":"category","embeddable":true,"href":"https:\/\/defrentealaverdad.com\/index.php\/wp-json\/wp\/v2\/categories?post=58801"},{"taxonomy":"post_tag","embeddable":true,"href":"https:\/\/defrentealaverdad.com\/index.php\/wp-json\/wp\/v2\/tags?post=58801"}],"curies":[{"name":"wp","href":"https:\/\/api.w.org\/{rel}","templated":true}]}}