{"id":58795,"date":"2026-04-30T20:30:55","date_gmt":"2026-04-30T20:30:55","guid":{"rendered":"https:\/\/defrentealaverdad.com\/?p=58795"},"modified":"2026-05-01T12:33:15","modified_gmt":"2026-05-01T12:33:15","slug":"filial-sntp-sde-inicia-proceso-modernizacion-y-carnetizacion-con-codigo-qr","status":"publish","type":"post","link":"https:\/\/defrentealaverdad.com\/index.php\/2026\/04\/30\/filial-sntp-sde-inicia-proceso-modernizacion-y-carnetizacion-con-codigo-qr\/","title":{"rendered":"Filial SNTP-SDE inicia proceso modernizaci\u00f3n y carnetizaci\u00f3n con C\u00f3digo QR"},"content":{"rendered":"<p style=\"text-align: justify;\"><strong>Santo Domingo Este<\/strong>. \u2013 El Secretario General de la filial de este municipio, Dar\u00edo Ma\u00f1\u00f3n, anunci\u00f3 formalmente el inicio del proceso de actualizaci\u00f3n de datos y carnetizaci\u00f3n para todos los miembros del Sindicato Nacional de Trabajadores de la Prensa (SNTP).<\/p>\n<p style=\"text-align: justify;\">Esta nueva etapa representa un salto tecnol\u00f3gico para la instituci\u00f3n, ya que los nuevos documentos contar\u00e1n con un sistema de C\u00f3digo QR. Esta herramienta permitir\u00e1 que cualquier instituci\u00f3n o autoridad valide la identidad y el estatus del miembro de manera instant\u00e1nea, garantizando mayor seguridad y prestigio en el ejercicio de sus funciones.<\/p>\n<p><strong>Puntos claves del proceso:<\/strong><\/p>\n<p style=\"text-align: justify;\">Actualizaci\u00f3n Obligatoria: Al finalizar este operativo, los carnets actuales perder\u00e1n validez. El nuevo carnet con QR ser\u00e1 el \u00fanico documento reconocido ante las diversas instituciones con las que se est\u00e1n coordinando acuerdos de colaboraci\u00f3n.<\/p>\n<p><strong>Levantamiento y Depuraci\u00f3n:<\/strong><\/p>\n<p style=\"text-align: justify;\">El proceso servir\u00e1 para realizar un levantamiento exhaustivo del padr\u00f3n. El objetivo es dar paso a nuevos miembros que cumplan con los requisitos establecidos y formalizar la salida de aquellos que han permanecido distantes o \u00abde espaldas\u00bb a las actividades y compromisos de la instituci\u00f3n.<\/p>\n<p><strong>Facilidades de Pago (Amnist\u00eda):<\/strong><\/p>\n<p style=\"text-align: justify;\">En un gesto de apoyo a la clase trabajadora, la Secretar\u00eda General ha dispuesto que aquellos miembros con cuotas atrasadas puedan ponerse al d\u00eda y obtener su nuevo carnet mediante un pago \u00fanico de RD$2,500.00, quedando liberados de deudas anteriores.<\/p>\n<p><strong>Informaci\u00f3n y Contacto:<\/strong><\/p>\n<p style=\"text-align: justify;\">Los interesados en actualizar sus datos e iniciar el proceso de carnetizaci\u00f3n pueden realizar sus dep\u00f3sitos en la cuenta institucional (detalles disponibles v\u00eda consulta directa) y comunicarse para m\u00e1s informaci\u00f3n con los encargados de las distintas \u00e1reas:<\/p>\n<ul>\n<li style=\"text-align: justify;\">Secretar\u00eda General, Secretar\u00eda de Organizaci\u00f3n, Secretar\u00eda de Prensa, Secretaria de Asuntos Sociales y<\/li>\n<\/ul>\n<ul>\n<li style=\"text-align: justify;\">Enlaces de Circunscripciones: Consultar con sus representantes locales.<\/li>\n<\/ul>\n<p style=\"text-align: justify;\">Con esta iniciativa, la gesti\u00f3n de Dar\u00edo Ma\u00f1\u00f3n busca reorganizar y fortalecer el sindicato, asegurando que los beneficios y el respaldo institucional lleguen a quienes verdaderamente est\u00e1n comprometidos con el gremio.<\/p>\n<blockquote>\n<p style=\"text-align: center;\">\u00a1Actual\u00edzate y forma parte de la nueva era del SNTP SDE!<\/p>\n<\/blockquote>\n<p>Fuente: SNTP SDE<\/p>\n","protected":false},"excerpt":{"rendered":"<p>Santo Domingo Este. \u2013 El Secretario General de la filial de este municipio, Dar\u00edo Ma\u00f1\u00f3n,<\/p>\n","protected":false},"author":1,"featured_media":58796,"comment_status":"open","ping_status":"open","sticky":false,"template":"","format":"standard","meta":{"footnotes":""},"categories":[255],"tags":[],"class_list":["post-58795","post","type-post","status-publish","format-standard","has-post-thumbnail","hentry","category-comunicacion"],"_links":{"self":[{"href":"https:\/\/defrentealaverdad.com\/index.php\/wp-json\/wp\/v2\/posts\/58795","targetHints":{"allow":["GET"]}}],"collection":[{"href":"https:\/\/defrentealaverdad.com\/index.php\/wp-json\/wp\/v2\/posts"}],"about":[{"href":"https:\/\/defrentealaverdad.com\/index.php\/wp-json\/wp\/v2\/types\/post"}],"author":[{"embeddable":true,"href":"https:\/\/defrentealaverdad.com\/index.php\/wp-json\/wp\/v2\/users\/1"}],"replies":[{"embeddable":true,"href":"https:\/\/defrentealaverdad.com\/index.php\/wp-json\/wp\/v2\/comments?post=58795"}],"version-history":[{"count":1,"href":"https:\/\/defrentealaverdad.com\/index.php\/wp-json\/wp\/v2\/posts\/58795\/revisions"}],"predecessor-version":[{"id":58797,"href":"https:\/\/defrentealaverdad.com\/index.php\/wp-json\/wp\/v2\/posts\/58795\/revisions\/58797"}],"wp:featuredmedia":[{"embeddable":true,"href":"https:\/\/defrentealaverdad.com\/index.php\/wp-json\/wp\/v2\/media\/58796"}],"wp:attachment":[{"href":"https:\/\/defrentealaverdad.com\/index.php\/wp-json\/wp\/v2\/media?parent=58795"}],"wp:term":[{"taxonomy":"category","embeddable":true,"href":"https:\/\/defrentealaverdad.com\/index.php\/wp-json\/wp\/v2\/categories?post=58795"},{"taxonomy":"post_tag","embeddable":true,"href":"https:\/\/defrentealaverdad.com\/index.php\/wp-json\/wp\/v2\/tags?post=58795"}],"curies":[{"name":"wp","href":"https:\/\/api.w.org\/{rel}","templated":true}]}}