{"id":58792,"date":"2026-04-30T20:08:37","date_gmt":"2026-04-30T20:08:37","guid":{"rendered":"https:\/\/defrentealaverdad.com\/?p=58792"},"modified":"2026-05-01T12:30:31","modified_gmt":"2026-05-01T12:30:31","slug":"gobierno-deja-iniciados-los-trabajos-de-construccion-de-nuevo-caipi-y-un-politecnico-en-boca-chica","status":"publish","type":"post","link":"https:\/\/defrentealaverdad.com\/index.php\/2026\/04\/30\/gobierno-deja-iniciados-los-trabajos-de-construccion-de-nuevo-caipi-y-un-politecnico-en-boca-chica\/","title":{"rendered":"Gobierno deja iniciados los trabajos de construcci\u00f3n de nuevo CAIPI y un Polit\u00e9cnico en Boca Chica"},"content":{"rendered":"<blockquote>\n<p style=\"text-align: center;\">El director de Infraestructura Escolar, Roberto Herrera y la directora de INAIPI, Josefa Castillo dieron el primer picazo para el inicio de las obras<\/p>\n<\/blockquote>\n<p style=\"text-align: justify;\"><strong>Boca Chica, Santo Domingo, RD<\/strong>.-El Gobierno, a trav\u00e9s de la Direcci\u00f3n de Infraestructura Escolar (DIE) y el Instituto Nacional de Atenci\u00f3n Integral a la Primera Infancia (INAIPI), dejo iniciado la construcci\u00f3n de un Centro de Atenci\u00f3n a la Primera Infancia (CAIPI), y un Polit\u00e9cnico en el municipio de Boca Chica, obras que impactar\u00e1n positivamente a m\u00e1s de 600 familias en esa demarcaci\u00f3n.<\/p>\n<p style=\"text-align: justify;\">La edificaci\u00f3n del nuevo CAIPI se levantar\u00e1 en una \u00e1rea de 2,629.48 metros cuadrados, en el sector Los Botados en Andr\u00e9s al norte del municipio de Boca Chica, con el cual suman 6 Estancias Infantiles y 11 CAFI que se construyen en varios sectores del municipio, para beneficiar a miles de ni\u00f1os que recibir\u00e1n atenciones oportunas y de manera integral en estos centros especializados, promoviendo el bienestar y desarrollo integral de la ni\u00f1ez dominicana.<\/p>\n<p style=\"text-align: justify;\">El director de Infraestructura Escolar, ingeniero Roberto Herrera, explic\u00f3 que por disposici\u00f3n del presidente Luis Abinader y el ministro Luis Miguel De Camps, en el mismo acto dieron dejaron iniciada la construcci\u00f3n de un Polit\u00e9cnico, que beneficiar\u00e1 a miles de estudiantes de esa demarcaci\u00f3n.<\/p>\n<p style=\"text-align: justify;\">Explic\u00f3 que la construcci\u00f3n del CAIPI se proyecta su terminaci\u00f3n en 12 meses y ademas, se ejecuta en ese territorio el programa de remozamiento con mantenimientos correctivos de varios planteles escolares a trav\u00e9s del Plan \u201c24\/7-365\u201d, a fin de garantizar espacios f\u00edsicos \u00f3ptimos y m\u00e1s seguros para los estudiantes, maestros y personal administrativo.<\/p>\n<blockquote>\n<p style=\"text-align: center;\">\u201cPor instrucciones precisas del Presidente Luis Abinader, estamos desarrollando una serie de trabajos importantes en Boca Chica, que ha estado en el ojo de las prioridades del presidente, como en todo el territorio nacional, entendiendo la importancia que revisten estos trabajos para el pa\u00eds, en especial para esta laboriosa comunidad y el impacto positivo para las familias que podr\u00e1n dejar a sus hijos en manos de una instituci\u00f3n dirigida por una gran mujer y donde se le va a dar el cuido y la atenci\u00f3n necesaria, ya que mientras los padres producen el pan de cada d\u00eda, sus ni\u00f1os estar\u00e1n en manos seguras y responsables\u00bb, declar\u00f3 Herrera.<\/p>\n<\/blockquote>\n<p style=\"text-align: justify;\">En tanto, la Directora de INAIPI, Josefa Castillo, tras destacar la importancia y el impacto de estas obras para su municipio, indic\u00f3 que Boca Chica est\u00e1 cambiando positivamente y se transforma de manera sostenible en el Gobierno del presidente Luis Abinader, quien asegur\u00f3 ha tenido la visi\u00f3n y el firme compromiso de fortalecer el sistema educativo en esa zona y en todo el territorio nacional.<\/p>\n<blockquote>\n<p style=\"text-align: center;\">\u201cEstas obras evidencian el esfuerzo que est\u00e1 haciendo nuestro se\u00f1or presidente Luis Abinader, para que en Boca Chica cambiemos en t\u00e9rmino social y econ\u00f3mico, mejorando nuestra calidad de vida como municipio, a trav\u00e9s de obras de desarrollo\u201d, expres\u00f3 la funcionaria.<\/p>\n<\/blockquote>\n<p style=\"text-align: justify;\">Indic\u00f3 que en estos centros especializados ser\u00e1n atendidos ni\u00f1os con Trastorno del Espectro Autista (TEA) y otras condiciones que requieren intervenci\u00f3n temprana, as\u00ed como orientaci\u00f3n y acompa\u00f1amiento a las familias para que sepan c\u00f3mo trabajar con estos infantes en una etapa crucial de su desarrollo, beneficiando a ni\u00f1os y ni\u00f1as de los sectores Boca Chica, La Caleta, Los Botados y comunidades aleda\u00f1as.<\/p>\n<p style=\"text-align: justify;\">Durante el acto de inicio de trabajos de construccion de ambas obras, tambi\u00e9n estuvieron presentes el Alcalde de Boca Chica, Ram\u00f3n Candelaria; docentes; Padres, Madres y Amigos de la Escuela; l\u00edderes comunitarios y religiosos, y representantes del Defensor del Pueblo.<\/p>\n<p>&nbsp;<\/p>\n<p>Fuente: Comunicaciones DIED<\/p>\n","protected":false},"excerpt":{"rendered":"<p>El director de Infraestructura Escolar, Roberto Herrera y la directora de INAIPI, Josefa Castillo dieron<\/p>\n","protected":false},"author":1,"featured_media":58793,"comment_status":"open","ping_status":"open","sticky":false,"template":"","format":"standard","meta":{"footnotes":""},"categories":[7],"tags":[],"class_list":["post-58792","post","type-post","status-publish","format-standard","has-post-thumbnail","hentry","category-nacionales"],"_links":{"self":[{"href":"https:\/\/defrentealaverdad.com\/index.php\/wp-json\/wp\/v2\/posts\/58792","targetHints":{"allow":["GET"]}}],"collection":[{"href":"https:\/\/defrentealaverdad.com\/index.php\/wp-json\/wp\/v2\/posts"}],"about":[{"href":"https:\/\/defrentealaverdad.com\/index.php\/wp-json\/wp\/v2\/types\/post"}],"author":[{"embeddable":true,"href":"https:\/\/defrentealaverdad.com\/index.php\/wp-json\/wp\/v2\/users\/1"}],"replies":[{"embeddable":true,"href":"https:\/\/defrentealaverdad.com\/index.php\/wp-json\/wp\/v2\/comments?post=58792"}],"version-history":[{"count":1,"href":"https:\/\/defrentealaverdad.com\/index.php\/wp-json\/wp\/v2\/posts\/58792\/revisions"}],"predecessor-version":[{"id":58794,"href":"https:\/\/defrentealaverdad.com\/index.php\/wp-json\/wp\/v2\/posts\/58792\/revisions\/58794"}],"wp:featuredmedia":[{"embeddable":true,"href":"https:\/\/defrentealaverdad.com\/index.php\/wp-json\/wp\/v2\/media\/58793"}],"wp:attachment":[{"href":"https:\/\/defrentealaverdad.com\/index.php\/wp-json\/wp\/v2\/media?parent=58792"}],"wp:term":[{"taxonomy":"category","embeddable":true,"href":"https:\/\/defrentealaverdad.com\/index.php\/wp-json\/wp\/v2\/categories?post=58792"},{"taxonomy":"post_tag","embeddable":true,"href":"https:\/\/defrentealaverdad.com\/index.php\/wp-json\/wp\/v2\/tags?post=58792"}],"curies":[{"name":"wp","href":"https:\/\/api.w.org\/{rel}","templated":true}]}}