{"id":5879,"date":"2023-07-14T04:05:17","date_gmt":"2023-07-14T04:05:17","guid":{"rendered":"https:\/\/defrentealaverdad.com\/?p=5879"},"modified":"2023-07-14T04:07:31","modified_gmt":"2023-07-14T04:07:31","slug":"estudiantes-unicaribe-ganan-primer-lugar-competencia-emprendedores-del-mescyt","status":"publish","type":"post","link":"https:\/\/defrentealaverdad.com\/index.php\/2023\/07\/14\/estudiantes-unicaribe-ganan-primer-lugar-competencia-emprendedores-del-mescyt\/","title":{"rendered":"Estudiantes UNICARIBE ganan primer lugar Competencia Emprendedores del MESCYT"},"content":{"rendered":"<p style=\"text-align: justify;\">Se trata de los mellizos William y Wellington Hiciano, ambos estudiantes de Tecnolog\u00edas de la Informaci\u00f3n de UNICARIBE, y quienes tambi\u00e9n pertenecen al Ej\u00e9rcito de la Rep\u00fablica Dominicana.<\/p>\n<p><img decoding=\"async\" class=\"size-medium wp-image-5882 aligncenter lazyload\" data-src=\"https:\/\/defrentealaverdad.com\/wp-content\/uploads\/2023\/07\/IMG-20230713-WA0128-300x200.jpg\" alt=\"\" width=\"300\" height=\"200\" data-srcset=\"https:\/\/defrentealaverdad.com\/wp-content\/uploads\/2023\/07\/IMG-20230713-WA0128-300x200.jpg 300w, https:\/\/defrentealaverdad.com\/wp-content\/uploads\/2023\/07\/IMG-20230713-WA0128-1024x683.jpg 1024w, https:\/\/defrentealaverdad.com\/wp-content\/uploads\/2023\/07\/IMG-20230713-WA0128-768x512.jpg 768w, https:\/\/defrentealaverdad.com\/wp-content\/uploads\/2023\/07\/IMG-20230713-WA0128.jpg 1280w\" data-sizes=\"(max-width: 300px) 100vw, 300px\" src=\"data:image\/svg+xml;base64,PHN2ZyB3aWR0aD0iMSIgaGVpZ2h0PSIxIiB4bWxucz0iaHR0cDovL3d3dy53My5vcmcvMjAwMC9zdmciPjwvc3ZnPg==\" style=\"--smush-placeholder-width: 300px; --smush-placeholder-aspect-ratio: 300\/200;\" \/><\/p>\n<p style=\"text-align: justify;\">Santo Domingo, Rep\u00fablica Dominicana- Los mellizos William y Wellington Hiciano, ambos estudiantes de Tecnolog\u00edas de la Informaci\u00f3n de la Universidad del Caribe (UNICARIBE) y, adem\u00e1s, cabos del Ej\u00e9rcito de la Rep\u00fablica Dominicana, resultaron ganadores del primer lugar en la Competencia de Emprendedores de Educaci\u00f3n Superior 2023, organizada por el Ministerio de Educaci\u00f3n Superior, Ciencia y Tecnolog\u00eda (MESCyT).<\/p>\n<p style=\"text-align: justify;\">El Dr. Franklin Garc\u00eda Ferm\u00edn, ministro del MESCyT, entreg\u00f3 el premio a los presentes junto a la Dra. Jovanna Pe\u00f1a, asesora del Despacho en materia de emprendimiento del MESCyT.<\/p>\n<p style=\"text-align: justify;\">William y Wellington Hiciano se alzaron con la primera posici\u00f3n, entre los 16 proyectos participantes de distintas casas de altos estudios, con EDUFLIGHT: simulador de control de tr\u00e1fico a\u00e9reo, recibiendo como premio econ\u00f3mico RD $450 mil pesos de parte del MESCyT, para impulsar este emprendimiento.<\/p>\n<p style=\"text-align: justify;\">EDUFLIGHT proporciona una experiencia realista y de alta calidad, mediante la cual se hace posible experimentar un aprendizaje inmersivo y personalizado, adem\u00e1s de que contribuye con la mejora de habilidades de competencia y entrenamiento seguro y sin riesgos.<\/p>\n<p style=\"text-align: justify;\">El segundo lugar de esta competencia correspondi\u00f3 al proyecto \u201cMajao\u201d, de la Universidad Nacional Pedro Henr\u00edquez Ure\u00f1a (UNPHU), y el tercer lugar result\u00f3 ganadora la iniciativa \u201cSargasum\u201d, del Instituto Tecnol\u00f3gico de Santo Domingo (INTEC). Mientras que el premio institucional de emprendimiento fue para el Instituto Especializado de Estudios Superiores Loyola.<\/p>\n<p style=\"text-align: justify;\">Al ser anunciado como ganadores en el programa radial \u201cEntre Nos\u201d, William Hiciano agradeci\u00f3 a Dios; elogi\u00f3 la excelencia de todos los proyectos participantes y exhort\u00f3 a sus desarrolladores a darles continuidad en el tiempo.<\/p>\n<p style=\"text-align: justify;\">Las dem\u00e1s instituciones semifinalistas fueron la Universidad Aut\u00f3noma de Santo Domingo (UASD), la Pontificia Universidad Cat\u00f3lica Madre y Maestra (PUCMM), la Universidad Cat\u00f3lica Tecnol\u00f3gica de Barahona (UCATEBA), la Universidad ISA, la Universidad Tecnol\u00f3gica del Cibao Oriental (UTECO). Tambi\u00e9n, el Instituto Tecnol\u00f3gico de las Am\u00e9ricas, el Instituto Especializado de Estudios Superiores Loyola, la Universidad Abierta para Adultos (UAPA), la Universidad Nacional Evang\u00e9lica (UNEV), la Universidad Iberoamericana (UNIBE), la Universidad APEC (UNAPEC) y la Universidad Tecnol\u00f3gica de Santiago (UTESA).<\/p>\n<p>&nbsp;<\/p>\n<p>Fuente: UNICARIBE<\/p>\n","protected":false},"excerpt":{"rendered":"<p>Se trata de los mellizos William y Wellington Hiciano, ambos estudiantes de Tecnolog\u00edas de la<\/p>\n","protected":false},"author":2,"featured_media":0,"comment_status":"open","ping_status":"open","sticky":false,"template":"","format":"standard","meta":{"footnotes":""},"categories":[7],"tags":[],"class_list":["post-5879","post","type-post","status-publish","format-standard","hentry","category-nacionales"],"_links":{"self":[{"href":"https:\/\/defrentealaverdad.com\/index.php\/wp-json\/wp\/v2\/posts\/5879","targetHints":{"allow":["GET"]}}],"collection":[{"href":"https:\/\/defrentealaverdad.com\/index.php\/wp-json\/wp\/v2\/posts"}],"about":[{"href":"https:\/\/defrentealaverdad.com\/index.php\/wp-json\/wp\/v2\/types\/post"}],"author":[{"embeddable":true,"href":"https:\/\/defrentealaverdad.com\/index.php\/wp-json\/wp\/v2\/users\/2"}],"replies":[{"embeddable":true,"href":"https:\/\/defrentealaverdad.com\/index.php\/wp-json\/wp\/v2\/comments?post=5879"}],"version-history":[{"count":3,"href":"https:\/\/defrentealaverdad.com\/index.php\/wp-json\/wp\/v2\/posts\/5879\/revisions"}],"predecessor-version":[{"id":5884,"href":"https:\/\/defrentealaverdad.com\/index.php\/wp-json\/wp\/v2\/posts\/5879\/revisions\/5884"}],"wp:attachment":[{"href":"https:\/\/defrentealaverdad.com\/index.php\/wp-json\/wp\/v2\/media?parent=5879"}],"wp:term":[{"taxonomy":"category","embeddable":true,"href":"https:\/\/defrentealaverdad.com\/index.php\/wp-json\/wp\/v2\/categories?post=5879"},{"taxonomy":"post_tag","embeddable":true,"href":"https:\/\/defrentealaverdad.com\/index.php\/wp-json\/wp\/v2\/tags?post=5879"}],"curies":[{"name":"wp","href":"https:\/\/api.w.org\/{rel}","templated":true}]}}