{"id":58789,"date":"2026-04-30T17:49:09","date_gmt":"2026-04-30T17:49:09","guid":{"rendered":"https:\/\/defrentealaverdad.com\/?p=58789"},"modified":"2026-04-30T21:52:16","modified_gmt":"2026-04-30T21:52:16","slug":"hecmilio-galvan-es-hora-de-que-los-dominicanos-piensen-en-el-conejo","status":"publish","type":"post","link":"https:\/\/defrentealaverdad.com\/index.php\/2026\/04\/30\/hecmilio-galvan-es-hora-de-que-los-dominicanos-piensen-en-el-conejo\/","title":{"rendered":"Hecmilio Galv\u00e1n: \u00abEs hora de que los dominicanos piensen en el conejo\u00bb"},"content":{"rendered":"<blockquote>\n<p style=\"text-align: center;\">FEDA presenta resultados del Programa Cun\u00edcola<\/p>\n<\/blockquote>\n<p style=\"text-align: justify;\"><strong>Santo Domingo-<\/strong> El Fondo Especial para el Desarrollo Agropecuario (FEDA), dirigido por Hecmilio Galv\u00e1n, ha invertido casi 12 millones de pesos para apoyar los criadores y emprendedores de conejos en el pa\u00eds.<\/p>\n<p style=\"text-align: justify;\">Seg\u00fan Hecmilio Galv\u00e1n, el Programa Cunicula del FEDA ha beneficiado a unos 4,456 productores y emprendedores con unas 92 jornadas de capacitaci\u00f3n y la donaci\u00f3n de unos 5,437 conejos, entre ellos casi 1,500 padrotes.<\/p>\n<p style=\"text-align: justify;\">Tambi\u00e9n unos 208 productores de conejos recibieron unas 4,140 planchas de zinc y 1,790 enlates de madera para construir y mejorar sus mini granjas en las 32 provincias del pa\u00eds.<\/p>\n<p style=\"text-align: justify;\">Estos datos fueron presentados en el Seminario Nacional de Presentaci\u00f3n de Resultados del Programa Cun\u00edcola, donde se dieron a conocer los principales logros, impacto social y de inversi\u00f3n de esta iniciativa orientada al fortalecimiento de la producci\u00f3n cun\u00edcola en el pa\u00eds.<\/p>\n<p style=\"text-align: justify;\">Durante la actividad, celebrada en la Ciudad Ganadera, Hecmilio Galv\u00e1n destac\u00f3 que el programa ha demostrado ser un aporte para diversificar la producci\u00f3n agropecuaria, mejorar la seguridad alimentaria familiar, generar empleos rurales y fortalecer el tejido productivo nacional, consolid\u00e1ndose como un modelo de desarrollo sostenible.<\/p>\n<p style=\"text-align: justify;\">En t\u00e9rminos de inversi\u00f3n, Galv\u00e1n inform\u00f3 que el programa alcanz\u00f3 un monto total ejecutado de RD$11,810,450.00.<\/p>\n<p style=\"text-align: justify;\">Durante el Seminario se creo una comisi\u00f3n integrada por FEDA Y DIGEGA y otras entidades para reabrir las 27 granjas construidas por el FEDA en gestiones anteriores.<\/p>\n<p style=\"text-align: justify;\">El programa ha contado con el respaldo de diversas entidades, entre ellas el propio FEDA, gobernaciones provinciales, alcald\u00edas, asociaciones de productores, cooperativas, Comunidades Fronterizas de las FFAA y la Direcci\u00f3n General de Ganader\u00eda, lo que ha permitido ampliar su alcance y fortalecer su impacto en las zonas rurales.<\/p>\n<p style=\"text-align: justify;\">El seminario tambi\u00e9n sirvi\u00f3 como espacio de intercambio de experiencias entre productores y t\u00e9cnicos, as\u00ed como para la proyecci\u00f3n de nuevas metas que permitan continuar expandiendo el Programa Cun\u00edcola a nivel nacional.<\/p>\n<p style=\"text-align: justify;\">Con estos resultados, el FEDA reafirma su misi\u00f3n de impulsar el desarrollo del campo dominicano mediante programas innovadores que generan oportunidades, dinamizan la econom\u00eda local y fortalecen la seguridad alimentaria del pa\u00eds.<\/p>\n<p style=\"text-align: justify;\">El importante seminario cont\u00f3 con la presencia de diversas personalidades dentro de las cuales figuran:<\/p>\n<ul>\n<li style=\"text-align: justify;\">Abel Madera, Director de Ganaderia; el subdirector de la Comunidad de Desarrollo Fronterizo,coronel Jos\u00e9 Antonio Guzm\u00e1n;<\/li>\n<\/ul>\n<ul>\n<li style=\"text-align: justify;\">Luz Olivia Espinal encargada de seguimiento del FEDA; Henry Do\u00f1\u00e9 encargado de secci\u00f3n cunicula;<\/li>\n<\/ul>\n<ul>\n<li style=\"text-align: justify;\">Rafael Jim\u00e9nez, criador de conejo, entre otras personalidades.<\/li>\n<\/ul>\n<p>Fuente: Prensa FEDA<\/p>\n","protected":false},"excerpt":{"rendered":"<p>FEDA presenta resultados del Programa Cun\u00edcola Santo Domingo- El Fondo Especial para el Desarrollo Agropecuario<\/p>\n","protected":false},"author":1,"featured_media":58790,"comment_status":"open","ping_status":"open","sticky":false,"template":"","format":"standard","meta":{"footnotes":""},"categories":[7],"tags":[],"class_list":["post-58789","post","type-post","status-publish","format-standard","has-post-thumbnail","hentry","category-nacionales"],"_links":{"self":[{"href":"https:\/\/defrentealaverdad.com\/index.php\/wp-json\/wp\/v2\/posts\/58789","targetHints":{"allow":["GET"]}}],"collection":[{"href":"https:\/\/defrentealaverdad.com\/index.php\/wp-json\/wp\/v2\/posts"}],"about":[{"href":"https:\/\/defrentealaverdad.com\/index.php\/wp-json\/wp\/v2\/types\/post"}],"author":[{"embeddable":true,"href":"https:\/\/defrentealaverdad.com\/index.php\/wp-json\/wp\/v2\/users\/1"}],"replies":[{"embeddable":true,"href":"https:\/\/defrentealaverdad.com\/index.php\/wp-json\/wp\/v2\/comments?post=58789"}],"version-history":[{"count":1,"href":"https:\/\/defrentealaverdad.com\/index.php\/wp-json\/wp\/v2\/posts\/58789\/revisions"}],"predecessor-version":[{"id":58791,"href":"https:\/\/defrentealaverdad.com\/index.php\/wp-json\/wp\/v2\/posts\/58789\/revisions\/58791"}],"wp:featuredmedia":[{"embeddable":true,"href":"https:\/\/defrentealaverdad.com\/index.php\/wp-json\/wp\/v2\/media\/58790"}],"wp:attachment":[{"href":"https:\/\/defrentealaverdad.com\/index.php\/wp-json\/wp\/v2\/media?parent=58789"}],"wp:term":[{"taxonomy":"category","embeddable":true,"href":"https:\/\/defrentealaverdad.com\/index.php\/wp-json\/wp\/v2\/categories?post=58789"},{"taxonomy":"post_tag","embeddable":true,"href":"https:\/\/defrentealaverdad.com\/index.php\/wp-json\/wp\/v2\/tags?post=58789"}],"curies":[{"name":"wp","href":"https:\/\/api.w.org\/{rel}","templated":true}]}}