{"id":58786,"date":"2026-04-30T15:44:22","date_gmt":"2026-04-30T15:44:22","guid":{"rendered":"https:\/\/defrentealaverdad.com\/?p=58786"},"modified":"2026-04-30T21:47:09","modified_gmt":"2026-04-30T21:47:09","slug":"jochy-hernandez-la-historia-de-una-estrella-que-aun-sigue-brillando-32-anos-despues-de-su-partida","status":"publish","type":"post","link":"https:\/\/defrentealaverdad.com\/index.php\/2026\/04\/30\/jochy-hernandez-la-historia-de-una-estrella-que-aun-sigue-brillando-32-anos-despues-de-su-partida\/","title":{"rendered":"Jochy Hern\u00e1ndez: la historia de una estrella que a\u00fan sigue brillando, 32 a\u00f1os despu\u00e9s de su partida"},"content":{"rendered":"<p style=\"text-align: justify;\">Un d\u00eda como hoy, 30 de abril de 2026, se cumplen 32 a\u00f1os del fallecimiento del merenguero dominicano Jochy Hern\u00e1ndez, quien muri\u00f3 el 30 de abril de 1994 a la edad de 31 a\u00f1os.<\/p>\n<p style=\"text-align: justify;\">Carlos Jos\u00e9 Hern\u00e1ndez D\u00edaz, conocido art\u00edsticamente como Jochy Hern\u00e1ndez y popularmente llamado \u201cEl Amiguito\u201d o \u201cLa Figura\u201d, logr\u00f3 una conexi\u00f3n especial con el p\u00fablico joven gracias a su carisma y estilo dentro del merengue.<\/p>\n<p style=\"text-align: justify;\">Su carrera comenz\u00f3 en la orquesta de Alex Bueno en 1982 y tom\u00f3 impulso en 1984 al integrarse a la orquesta de An\u00edbal Bravo, proyect\u00e1ndose r\u00e1pidamente como una de las figuras m\u00e1s prometedoras del g\u00e9nero, dejando una huella imborrable pese a su corta trayectoria.<\/p>\n<p style=\"text-align: justify;\">Nacido en septiembre de 1963 en San Crist\u00f3bal, Jochy Hern\u00e1ndez form\u00f3 parte de una familia conocida en la vida p\u00fablica, siendo hermano del dirigente pol\u00edtico Tito Hern\u00e1ndez, exsenador de esa provincia.<\/p>\n<p style=\"text-align: justify;\">A Jochy Hern\u00e1ndez le sobrevive su hija Cindy Marie Hern\u00e1ndez, mientras que otro de sus hijos falleci\u00f3 tr\u00e1gicamente a\u00f1os despu\u00e9s, una p\u00e9rdida que tambi\u00e9n marc\u00f3 a su familia.<\/p>\n<p style=\"text-align: justify;\">Con motivo de este 32 aniversario, sus familiares celebrar\u00e1n una misa en su memoria este 30 de abril a las 7:00 de la noche en la iglesia Nuestra Se\u00f1ora de la Consolaci\u00f3n, en San Crist\u00f3bal.<\/p>\n<p style=\"text-align: justify;\">Su hermano y manager, Ruddy Hern\u00e1ndez, ha asumido el compromiso de mantener vivo su legado art\u00edstico, y anunci\u00f3 que en el d\u00eda de hoy ser\u00e1 lanzado un nuevo video musical de \u201cLa Figura\u201d con el tema que lo populariz\u00f3, \u201cPor qu\u00e9 diablos hemos cambiado\u201d, bajo la direcci\u00f3n de Edwim Film.<\/p>\n<p style=\"text-align: justify;\">A m\u00e1s de tres d\u00e9cadas de su partida, Jochy Hern\u00e1ndez sigue siendo recordado como una estrella que dej\u00f3 una marca profunda en la m\u00fasica dominicana.<\/p>\n<p>Fuente: Prensa R. Hdez<\/p>\n","protected":false},"excerpt":{"rendered":"<p>Un d\u00eda como hoy, 30 de abril de 2026, se cumplen 32 a\u00f1os del fallecimiento<\/p>\n","protected":false},"author":1,"featured_media":58787,"comment_status":"open","ping_status":"open","sticky":false,"template":"","format":"standard","meta":{"footnotes":""},"categories":[6],"tags":[],"class_list":["post-58786","post","type-post","status-publish","format-standard","has-post-thumbnail","hentry","category-espectaculos"],"_links":{"self":[{"href":"https:\/\/defrentealaverdad.com\/index.php\/wp-json\/wp\/v2\/posts\/58786","targetHints":{"allow":["GET"]}}],"collection":[{"href":"https:\/\/defrentealaverdad.com\/index.php\/wp-json\/wp\/v2\/posts"}],"about":[{"href":"https:\/\/defrentealaverdad.com\/index.php\/wp-json\/wp\/v2\/types\/post"}],"author":[{"embeddable":true,"href":"https:\/\/defrentealaverdad.com\/index.php\/wp-json\/wp\/v2\/users\/1"}],"replies":[{"embeddable":true,"href":"https:\/\/defrentealaverdad.com\/index.php\/wp-json\/wp\/v2\/comments?post=58786"}],"version-history":[{"count":1,"href":"https:\/\/defrentealaverdad.com\/index.php\/wp-json\/wp\/v2\/posts\/58786\/revisions"}],"predecessor-version":[{"id":58788,"href":"https:\/\/defrentealaverdad.com\/index.php\/wp-json\/wp\/v2\/posts\/58786\/revisions\/58788"}],"wp:featuredmedia":[{"embeddable":true,"href":"https:\/\/defrentealaverdad.com\/index.php\/wp-json\/wp\/v2\/media\/58787"}],"wp:attachment":[{"href":"https:\/\/defrentealaverdad.com\/index.php\/wp-json\/wp\/v2\/media?parent=58786"}],"wp:term":[{"taxonomy":"category","embeddable":true,"href":"https:\/\/defrentealaverdad.com\/index.php\/wp-json\/wp\/v2\/categories?post=58786"},{"taxonomy":"post_tag","embeddable":true,"href":"https:\/\/defrentealaverdad.com\/index.php\/wp-json\/wp\/v2\/tags?post=58786"}],"curies":[{"name":"wp","href":"https:\/\/api.w.org\/{rel}","templated":true}]}}