{"id":58779,"date":"2026-04-30T14:51:10","date_gmt":"2026-04-30T14:51:10","guid":{"rendered":"https:\/\/defrentealaverdad.com\/?p=58779"},"modified":"2026-04-30T20:52:15","modified_gmt":"2026-04-30T20:52:15","slug":"daniel-lajara-es-reconocido-por-adococ-por-su-influencia-en-medios-seculares","status":"publish","type":"post","link":"https:\/\/defrentealaverdad.com\/index.php\/2026\/04\/30\/daniel-lajara-es-reconocido-por-adococ-por-su-influencia-en-medios-seculares\/","title":{"rendered":"D\u00e1niel Lajara es reconocido por ADOCOC por su influencia en medios seculares"},"content":{"rendered":"<p style=\"text-align: justify;\">El joven comunicador Daniel Lajara recibi\u00f3 un reconocimiento por parte de la Asociaci\u00f3n Dominicana de Comunicadores Cristianos (ADOCOC), en honor a su destacada influencia en medios seculares y su proyecci\u00f3n dentro de la comunicaci\u00f3n con valores en la Rep\u00fablica Dominicana.<\/p>\n<p style=\"text-align: justify;\">La distinci\u00f3n resalta su incidencia en espacios de alto alcance, donde ha logrado posicionar un discurso alineado a principios cristianos, conectando especialmente con audiencias j\u00f3venes desde plataformas tradicionales y digitales.<\/p>\n<p style=\"text-align: justify;\">El reconocimiento fue otorgado por su \u201cinfluencia y proyecci\u00f3n en los medios seculares\u201d, as\u00ed como por su compromiso con una comunicaci\u00f3n que aporte contenido positivo en entornos de amplia visibilidad.<\/p>\n<p style=\"text-align: justify;\">La ADOCOC es una entidad que agrupa a profesionales de la comunicaci\u00f3n enfocados en promover valores cristianos en los medios, impulsando iniciativas que buscan impactar de manera constructiva a la sociedad. En ese contexto, reconocer a figuras emergentes como Lajara refleja la apertura y evoluci\u00f3n del sector hacia nuevas generaciones.<\/p>\n<p style=\"text-align: justify;\">Para Lajara, quien tambi\u00e9n ha desarrollado una comunidad como influencer cristiano, este reconocimiento representa un respaldo a su enfoque y coherencia entre mensaje y plataforma, en un entorno medi\u00e1tico cada vez m\u00e1s competitivo.<\/p>\n<p style=\"text-align: justify;\">Su proyecci\u00f3n evidencia una tendencia creciente: j\u00f3venes comunicadores que logran equilibrar presencia en medios tradicionales con una narrativa digital aut\u00e9ntica, aportando una voz distinta dentro del panorama actual.<\/p>\n<p>Fuente: Prensa ADOCOC<\/p>\n","protected":false},"excerpt":{"rendered":"<p>El joven comunicador Daniel Lajara recibi\u00f3 un reconocimiento por parte de la Asociaci\u00f3n Dominicana de<\/p>\n","protected":false},"author":4,"featured_media":58773,"comment_status":"open","ping_status":"open","sticky":false,"template":"","format":"standard","meta":{"footnotes":""},"categories":[251],"tags":[],"class_list":["post-58779","post","type-post","status-publish","format-standard","has-post-thumbnail","hentry","category-cristiana"],"_links":{"self":[{"href":"https:\/\/defrentealaverdad.com\/index.php\/wp-json\/wp\/v2\/posts\/58779","targetHints":{"allow":["GET"]}}],"collection":[{"href":"https:\/\/defrentealaverdad.com\/index.php\/wp-json\/wp\/v2\/posts"}],"about":[{"href":"https:\/\/defrentealaverdad.com\/index.php\/wp-json\/wp\/v2\/types\/post"}],"author":[{"embeddable":true,"href":"https:\/\/defrentealaverdad.com\/index.php\/wp-json\/wp\/v2\/users\/4"}],"replies":[{"embeddable":true,"href":"https:\/\/defrentealaverdad.com\/index.php\/wp-json\/wp\/v2\/comments?post=58779"}],"version-history":[{"count":1,"href":"https:\/\/defrentealaverdad.com\/index.php\/wp-json\/wp\/v2\/posts\/58779\/revisions"}],"predecessor-version":[{"id":58780,"href":"https:\/\/defrentealaverdad.com\/index.php\/wp-json\/wp\/v2\/posts\/58779\/revisions\/58780"}],"wp:featuredmedia":[{"embeddable":true,"href":"https:\/\/defrentealaverdad.com\/index.php\/wp-json\/wp\/v2\/media\/58773"}],"wp:attachment":[{"href":"https:\/\/defrentealaverdad.com\/index.php\/wp-json\/wp\/v2\/media?parent=58779"}],"wp:term":[{"taxonomy":"category","embeddable":true,"href":"https:\/\/defrentealaverdad.com\/index.php\/wp-json\/wp\/v2\/categories?post=58779"},{"taxonomy":"post_tag","embeddable":true,"href":"https:\/\/defrentealaverdad.com\/index.php\/wp-json\/wp\/v2\/tags?post=58779"}],"curies":[{"name":"wp","href":"https:\/\/api.w.org\/{rel}","templated":true}]}}