{"id":58776,"date":"2026-04-30T17:02:01","date_gmt":"2026-04-30T17:02:01","guid":{"rendered":"https:\/\/defrentealaverdad.com\/?p=58776"},"modified":"2026-04-30T20:50:38","modified_gmt":"2026-04-30T20:50:38","slug":"referencia-reunio-a-especialistas-del-sector-salud-en-jornada-cientifica-re-actualiza-2026","status":"publish","type":"post","link":"https:\/\/defrentealaverdad.com\/index.php\/2026\/04\/30\/referencia-reunio-a-especialistas-del-sector-salud-en-jornada-cientifica-re-actualiza-2026\/","title":{"rendered":"Referencia reuni\u00f3 a especialistas del sector salud en jornada cient\u00edfica Re-Actualiza 2026"},"content":{"rendered":"<blockquote>\n<p style=\"text-align: center;\">Cinco especialistas disertaron en el evento acad\u00e9mico que abord\u00f3 avances en procesos preanal\u00edticos, microbiolog\u00eda, automatizaci\u00f3n y calidad diagn\u00f3stica en el pa\u00eds.<\/p>\n<\/blockquote>\n<p style=\"text-align: justify;\"><span style=\"text-align: justify;\"><strong>Santo Domingo, Rep. Dom.-<\/strong> Referencia reuni\u00f3 a especialistas del sector de laboratorios cl\u00ednicos durante la jornada \u201cRE-Actualiza Edici\u00f3n 2026\u201d, un encuentro acad\u00e9mico celebrado en el Hotel Renaissance Jaragua, donde fueron abordados temas clave para fortalecer la calidad, seguridad y oportunidad de los diagn\u00f3sticos cl\u00ednicos en la Rep\u00fablica Dominicana.<\/span><\/p>\n<p style=\"text-align: justify;\">La actividad cont\u00f3 con la participaci\u00f3n de expertos de distintas \u00e1reas del laboratorio cl\u00ednico, quienes compartieron conocimientos actualizados sobre procesos preanal\u00edticos, microbiolog\u00eda, qu\u00edmica bioanal\u00edtica, hematolog\u00eda, automatizaci\u00f3n y gesti\u00f3n de resultados.<\/p>\n<p style=\"text-align: justify;\">Durante la jornada, Referencia reafirm\u00f3 su compromiso con la educaci\u00f3n continua del personal de salud y con la implementaci\u00f3n de buenas pr\u00e1cticas que impactan directamente en la atenci\u00f3n de los pacientes. El programa incluy\u00f3 conferencias especializadas, espacios de intercambio profesional y una sesi\u00f3n de cierre orientada al networking entre los participantes.<\/p>\n<p style=\"text-align: justify;\">El encuentro inici\u00f3 con la intervenci\u00f3n del doctor V\u00edctor P\u00e9rez, quien expuso sobre la gesti\u00f3n del proceso anal\u00edtico, seguido por la licenciada Joana Bacalhau, quien abord\u00f3 la calidad de la muestra microbiol\u00f3gica. M\u00e1s adelante, el doctor Ignacio Bress\u00e1n present\u00f3 aspectos preanal\u00edticos en tamizaje neonatal, mientras que el doctor Mauro Barrantes trat\u00f3 el impacto de la automatizaci\u00f3n en el cuidado del paciente.<\/p>\n<p style=\"text-align: justify;\">La agenda concluy\u00f3 con la participaci\u00f3n de la licenciada Wendy L\u00f3pez Azcue, quien reflexion\u00f3 sobre la importancia de interpretar los resultados m\u00e1s all\u00e1 de los n\u00fameros, resaltando el papel humano y cl\u00ednico que tiene el laboratorio en la toma de decisiones m\u00e9dicas.<\/p>\n<p style=\"text-align: justify;\">Con esta edici\u00f3n, Referencia consolid\u00f3 un espacio de actualizaci\u00f3n t\u00e9cnica dirigido a fortalecer las competencias de los profesionales vinculados al diagn\u00f3stico cl\u00ednico, en un contexto en el que la precisi\u00f3n, la rapidez y la confiabilidad de los resultados se han convertido en pilares esenciales para el sistema sanitario dominicano.<\/p>\n<p><strong>Sobre Referencia<\/strong><\/p>\n<p style=\"text-align: justify;\">Fundado en 1983, Referencia mantiene un firme compromiso con la calidad y la salud. La instituci\u00f3n cuenta con un estricto sistema de control de calidad avalado por el Colegio Americano de Pat\u00f3logos (CAP) y la AABB (Asociaci\u00f3n para el Avance de la Sangre y las Bioterapias).<\/p>\n<p style=\"text-align: justify;\">Referencia dispone, adem\u00e1s, de las certificaciones ISO 9001, 15189 y 17025 (seg\u00fan el alcance). Actualmente, opera una red de m\u00e1s de 80 sucursales y una propuesta de valor centrada en el paciente con servicios diagn\u00f3sticos integrados: laboratorio cl\u00ednico, im\u00e1genes diagn\u00f3sticas y patolog\u00eda.<\/p>\n<p style=\"text-align: justify;\">Referencia ha evolucionado a una propuesta de servicios integrados, incorporando al laboratorio cl\u00ednico, im\u00e1genes diagn\u00f3sticas y estudios de patolog\u00eda molecular y anat\u00f3mica.<\/p>\n<p>&nbsp;<\/p>\n<p>Fuente: Prensa Referencia<\/p>\n","protected":false},"excerpt":{"rendered":"<p>Cinco especialistas disertaron en el evento acad\u00e9mico que abord\u00f3 avances en procesos preanal\u00edticos, microbiolog\u00eda, automatizaci\u00f3n<\/p>\n","protected":false},"author":1,"featured_media":58777,"comment_status":"open","ping_status":"open","sticky":false,"template":"","format":"standard","meta":{"footnotes":""},"categories":[7],"tags":[],"class_list":["post-58776","post","type-post","status-publish","format-standard","has-post-thumbnail","hentry","category-nacionales"],"_links":{"self":[{"href":"https:\/\/defrentealaverdad.com\/index.php\/wp-json\/wp\/v2\/posts\/58776","targetHints":{"allow":["GET"]}}],"collection":[{"href":"https:\/\/defrentealaverdad.com\/index.php\/wp-json\/wp\/v2\/posts"}],"about":[{"href":"https:\/\/defrentealaverdad.com\/index.php\/wp-json\/wp\/v2\/types\/post"}],"author":[{"embeddable":true,"href":"https:\/\/defrentealaverdad.com\/index.php\/wp-json\/wp\/v2\/users\/1"}],"replies":[{"embeddable":true,"href":"https:\/\/defrentealaverdad.com\/index.php\/wp-json\/wp\/v2\/comments?post=58776"}],"version-history":[{"count":1,"href":"https:\/\/defrentealaverdad.com\/index.php\/wp-json\/wp\/v2\/posts\/58776\/revisions"}],"predecessor-version":[{"id":58778,"href":"https:\/\/defrentealaverdad.com\/index.php\/wp-json\/wp\/v2\/posts\/58776\/revisions\/58778"}],"wp:featuredmedia":[{"embeddable":true,"href":"https:\/\/defrentealaverdad.com\/index.php\/wp-json\/wp\/v2\/media\/58777"}],"wp:attachment":[{"href":"https:\/\/defrentealaverdad.com\/index.php\/wp-json\/wp\/v2\/media?parent=58776"}],"wp:term":[{"taxonomy":"category","embeddable":true,"href":"https:\/\/defrentealaverdad.com\/index.php\/wp-json\/wp\/v2\/categories?post=58776"},{"taxonomy":"post_tag","embeddable":true,"href":"https:\/\/defrentealaverdad.com\/index.php\/wp-json\/wp\/v2\/tags?post=58776"}],"curies":[{"name":"wp","href":"https:\/\/api.w.org\/{rel}","templated":true}]}}