{"id":58771,"date":"2026-04-30T16:00:01","date_gmt":"2026-04-30T16:00:01","guid":{"rendered":"https:\/\/defrentealaverdad.com\/?p=58771"},"modified":"2026-04-30T20:48:25","modified_gmt":"2026-04-30T20:48:25","slug":"diputado-juan-jose-rojas-somete-resoluciones-para-atender-demandas-prioritarias-en-santo-domingo-este","status":"publish","type":"post","link":"https:\/\/defrentealaverdad.com\/index.php\/2026\/04\/30\/diputado-juan-jose-rojas-somete-resoluciones-para-atender-demandas-prioritarias-en-santo-domingo-este\/","title":{"rendered":"Diputado Juan Jos\u00e9 Rojas somete resoluciones para atender demandas prioritarias en Santo Domingo Este"},"content":{"rendered":"<p style=\"text-align: justify;\"><strong>Santo Domingo, R.D. \u2013<\/strong> El diputado Juan Jos\u00e9 Rojas inform\u00f3 el sometimiento de varias resoluciones ante la C\u00e1mara de Diputados, orientadas a mejorar las condiciones de vida de los ciudadanos en distintos sectores del municipio Santo Domingo Este, en respuesta directa a reclamos comunitarios.<\/p>\n<p style=\"text-align: justify;\">Entre las iniciativas presentadas se destacan:<\/p>\n<ul>\n<li style=\"text-align: justify;\">Construcci\u00f3n y equipamiento de un destacamento policial en la urbanizaci\u00f3n Juan de los Santos, con el objetivo de fortalecer la seguridad ciudadana.<\/li>\n<\/ul>\n<ul>\n<li style=\"text-align: justify;\">Instalaci\u00f3n de un sistema semaf\u00f3rico en la intersecci\u00f3n de la avenida Fern\u00e1ndez Dom\u00ednguez (antigua autopista de San Isidro) con calle 1ra, para reducir accidentes y mejorar la movilidad.<\/li>\n<\/ul>\n<ul>\n<li style=\"text-align: justify;\">Construcci\u00f3n de puentes peatonales en la autopista Las Am\u00e9ricas, espec\u00edficamente en la entrada de Ciudad Juan Bosch y en el acceso a Agua Locas, sector Los Frailes, garantizando mayor seguridad vial.<\/li>\n<\/ul>\n<ul>\n<li style=\"text-align: justify;\">Titulaci\u00f3n definitiva de terrenos en la comunidad Los Trinitarios II, brindando seguridad jur\u00eddica a cientos de familias.<\/li>\n<\/ul>\n<p style=\"text-align: justify;\">El legislador destac\u00f3 que estas propuestas responden a necesidades urgentes identificadas junto a l\u00edderes comunitarios y residentes de las zonas impactadas.<\/p>\n<blockquote>\n<p style=\"text-align: center;\">\u201cEstas resoluciones nacen del contacto directo con la gente. Son soluciones concretas a problemas reales que afectan la seguridad, la movilidad y la estabilidad de nuestras comunidades\u201d, expres\u00f3 Rojas.<\/p>\n<\/blockquote>\n<p style=\"text-align: justify;\">Asimismo, hizo un llamado a las autoridades correspondientes para que estas iniciativas sean acogidas y ejecutadas con la prontitud que demandan los ciudadanos.<\/p>\n<p style=\"text-align: justify;\">Con estas acciones, el diputado reafirma su compromiso de seguir impulsando proyectos que generen bienestar y desarrollo en la provincia Santo Domingo.<\/p>\n<p>Fuente: Ta&#8217; Regao<\/p>\n","protected":false},"excerpt":{"rendered":"<p>Santo Domingo, R.D. \u2013 El diputado Juan Jos\u00e9 Rojas inform\u00f3 el sometimiento de varias resoluciones<\/p>\n","protected":false},"author":1,"featured_media":58772,"comment_status":"open","ping_status":"open","sticky":false,"template":"","format":"standard","meta":{"footnotes":""},"categories":[7],"tags":[],"class_list":["post-58771","post","type-post","status-publish","format-standard","has-post-thumbnail","hentry","category-nacionales"],"_links":{"self":[{"href":"https:\/\/defrentealaverdad.com\/index.php\/wp-json\/wp\/v2\/posts\/58771","targetHints":{"allow":["GET"]}}],"collection":[{"href":"https:\/\/defrentealaverdad.com\/index.php\/wp-json\/wp\/v2\/posts"}],"about":[{"href":"https:\/\/defrentealaverdad.com\/index.php\/wp-json\/wp\/v2\/types\/post"}],"author":[{"embeddable":true,"href":"https:\/\/defrentealaverdad.com\/index.php\/wp-json\/wp\/v2\/users\/1"}],"replies":[{"embeddable":true,"href":"https:\/\/defrentealaverdad.com\/index.php\/wp-json\/wp\/v2\/comments?post=58771"}],"version-history":[{"count":1,"href":"https:\/\/defrentealaverdad.com\/index.php\/wp-json\/wp\/v2\/posts\/58771\/revisions"}],"predecessor-version":[{"id":58775,"href":"https:\/\/defrentealaverdad.com\/index.php\/wp-json\/wp\/v2\/posts\/58771\/revisions\/58775"}],"wp:featuredmedia":[{"embeddable":true,"href":"https:\/\/defrentealaverdad.com\/index.php\/wp-json\/wp\/v2\/media\/58772"}],"wp:attachment":[{"href":"https:\/\/defrentealaverdad.com\/index.php\/wp-json\/wp\/v2\/media?parent=58771"}],"wp:term":[{"taxonomy":"category","embeddable":true,"href":"https:\/\/defrentealaverdad.com\/index.php\/wp-json\/wp\/v2\/categories?post=58771"},{"taxonomy":"post_tag","embeddable":true,"href":"https:\/\/defrentealaverdad.com\/index.php\/wp-json\/wp\/v2\/tags?post=58771"}],"curies":[{"name":"wp","href":"https:\/\/api.w.org\/{rel}","templated":true}]}}