{"id":58765,"date":"2026-04-30T15:10:54","date_gmt":"2026-04-30T15:10:54","guid":{"rendered":"https:\/\/defrentealaverdad.com\/?p=58765"},"modified":"2026-04-30T20:38:19","modified_gmt":"2026-04-30T20:38:19","slug":"conadis-es-reconocido-por-la-ogtic-por-avances-en-servicios-digitales-dirigidos-a-la-ciudadania","status":"publish","type":"post","link":"https:\/\/defrentealaverdad.com\/index.php\/2026\/04\/30\/conadis-es-reconocido-por-la-ogtic-por-avances-en-servicios-digitales-dirigidos-a-la-ciudadania\/","title":{"rendered":"CONADIS es reconocido por la OGTIC por avances en servicios digitales dirigidos a la ciudadan\u00eda"},"content":{"rendered":"<p style=\"text-align: justify;\"><strong>Santo Domingo, Rep\u00fablica Dominicana<\/strong>. \u2013 La Oficina Gubernamental de Tecnolog\u00edas de la Informaci\u00f3n y Comunicaci\u00f3n (OGTIC) reconoci\u00f3 al Consejo Nacional de Discapacidad (CONADIS) por obtener uno de los mayores \u00edndices de avance en la mejora de los servicios dirigidos a la ciudadan\u00eda, en el marco de la duod\u00e9cima entrega de los reconocimientos del \u00cdndice de Uso de las TIC e Implementaci\u00f3n de Gobierno Digital e Innovaci\u00f3n (iTICge) 2025.<\/p>\n<p style=\"text-align: justify;\">Este importante logro posiciona al CONADIS como una instituci\u00f3n comprometida con la innovaci\u00f3n y la excelencia en la gesti\u00f3n p\u00fablica, evidenciando avances significativos en la digitalizaci\u00f3n de sus procesos y en la optimizaci\u00f3n de los servicios que ofrece a la poblaci\u00f3n.<\/p>\n<p style=\"text-align: justify;\">En ese mismo contexto, el CONADIS tambi\u00e9n recibi\u00f3 las certificaciones NORTIC A3, NORTIC A2 y NORTIC E1:2022, otorgadas por la Oficina Gubernamental de Tecnolog\u00edas de la Informaci\u00f3n y Comunicaci\u00f3n (OGTIC), las cuales validan el cumplimiento de est\u00e1ndares clave en materia de transparencia, portales web y gesti\u00f3n de redes sociales en las instituciones p\u00fablicas.<\/p>\n<p style=\"text-align: justify;\">Asimismo, en coordinaci\u00f3n con la OGTIC, se han evaluado 17 portales web de diferentes instituciones del Estado en cuanto a su cumplimiento con los est\u00e1ndares de accesibilidad para personas con discapacidad, conforme a la norma NORTIC B2, as\u00ed como su nivel de uso. De estos, 11 portales fueron reevaluados y lograron aprobar satisfactoriamente los criterios establecidos, evidenciando avances concretos en la construcci\u00f3n de un ecosistema digital m\u00e1s inclusivo.<\/p>\n<p style=\"text-align: justify;\">De igual manera, la instituci\u00f3n ampli\u00f3 su capacidad de atenci\u00f3n directa a la poblaci\u00f3n con la apertura de oficinas en los Puntos GOB de Santiago y San Crist\u00f3bal, facilitando el acceso a servicios, orientaci\u00f3n y acompa\u00f1amiento a las personas con discapacidad y sus familias, y acercando a\u00fan m\u00e1s estos servicios a las comunidades.<\/p>\n<p style=\"text-align: justify;\">El presidente del Consejo Nacional de Discapacidad (CONADIS), Benny Metz, valor\u00f3 este reconocimiento como un reflejo del trabajo sostenido que impulsa la instituci\u00f3n.<\/p>\n<blockquote>\n<p style=\"text-align: center;\">\u201cEste avance demuestra nuestro compromiso con la modernizaci\u00f3n del Estado y con la construcci\u00f3n de servicios m\u00e1s accesibles, eficientes e inclusivos para todos los ciudadanos, especialmente para las personas con discapacidad\u201d, expres\u00f3.<\/p>\n<\/blockquote>\n<p style=\"text-align: justify;\">Por su parte, el director ejecutivo del CONADIS, Alexis Alc\u00e1ntara, resalt\u00f3 la importancia de la articulaci\u00f3n institucional para lograr estos avances.<\/p>\n<blockquote>\n<p style=\"text-align: center;\">\u201cDesde la direcci\u00f3n ejecutiva impulsamos iniciativas que integren la tecnolog\u00eda como herramienta clave para la inclusi\u00f3n social, asegurando que cada mejora en nuestros servicios impacte de manera positiva y directa en la calidad de vida de las personas con discapacidad\u201d, se\u00f1al\u00f3.<\/p>\n<\/blockquote>\n<p style=\"text-align: justify;\">De su lado, el encargado del Departamento de Tecnolog\u00eda del CONADIS, Jean Carlos Matos, destac\u00f3 el esfuerzo conjunto de su equipo para alcanzar estos resultados.<\/p>\n<blockquote>\n<p style=\"text-align: justify;\">\u201cEste reconocimiento es fruto del trabajo en equipo, la dedicaci\u00f3n y la visi\u00f3n compartida de nuestro departamento, orientado a implementar soluciones tecnol\u00f3gicas que mejoren la experiencia de los usuarios y fortalezcan la gesti\u00f3n institucional\u201d, afirm\u00f3.<\/p>\n<\/blockquote>\n<p style=\"text-align: justify;\">Con estos resultados, el CONADIS reafirma su firme compromiso con la transformaci\u00f3n digital, la mejora continua y la implementaci\u00f3n de servicios cada vez m\u00e1s accesibles, eficientes e inclusivos, garantizando una atenci\u00f3n de calidad para todas las personas, especialmente para la poblaci\u00f3n con discapacidad en la Rep\u00fablica Dominicana.<\/p>\n<p>&nbsp;<\/p>\n<p>Fuente: Depto. Comunicaciones CONADIS<\/p>\n","protected":false},"excerpt":{"rendered":"<p>Santo Domingo, Rep\u00fablica Dominicana. \u2013 La Oficina Gubernamental de Tecnolog\u00edas de la Informaci\u00f3n y Comunicaci\u00f3n<\/p>\n","protected":false},"author":1,"featured_media":58766,"comment_status":"open","ping_status":"open","sticky":false,"template":"","format":"standard","meta":{"footnotes":""},"categories":[7],"tags":[],"class_list":["post-58765","post","type-post","status-publish","format-standard","has-post-thumbnail","hentry","category-nacionales"],"_links":{"self":[{"href":"https:\/\/defrentealaverdad.com\/index.php\/wp-json\/wp\/v2\/posts\/58765","targetHints":{"allow":["GET"]}}],"collection":[{"href":"https:\/\/defrentealaverdad.com\/index.php\/wp-json\/wp\/v2\/posts"}],"about":[{"href":"https:\/\/defrentealaverdad.com\/index.php\/wp-json\/wp\/v2\/types\/post"}],"author":[{"embeddable":true,"href":"https:\/\/defrentealaverdad.com\/index.php\/wp-json\/wp\/v2\/users\/1"}],"replies":[{"embeddable":true,"href":"https:\/\/defrentealaverdad.com\/index.php\/wp-json\/wp\/v2\/comments?post=58765"}],"version-history":[{"count":1,"href":"https:\/\/defrentealaverdad.com\/index.php\/wp-json\/wp\/v2\/posts\/58765\/revisions"}],"predecessor-version":[{"id":58767,"href":"https:\/\/defrentealaverdad.com\/index.php\/wp-json\/wp\/v2\/posts\/58765\/revisions\/58767"}],"wp:featuredmedia":[{"embeddable":true,"href":"https:\/\/defrentealaverdad.com\/index.php\/wp-json\/wp\/v2\/media\/58766"}],"wp:attachment":[{"href":"https:\/\/defrentealaverdad.com\/index.php\/wp-json\/wp\/v2\/media?parent=58765"}],"wp:term":[{"taxonomy":"category","embeddable":true,"href":"https:\/\/defrentealaverdad.com\/index.php\/wp-json\/wp\/v2\/categories?post=58765"},{"taxonomy":"post_tag","embeddable":true,"href":"https:\/\/defrentealaverdad.com\/index.php\/wp-json\/wp\/v2\/tags?post=58765"}],"curies":[{"name":"wp","href":"https:\/\/api.w.org\/{rel}","templated":true}]}}