{"id":58759,"date":"2026-04-30T14:00:29","date_gmt":"2026-04-30T14:00:29","guid":{"rendered":"https:\/\/defrentealaverdad.com\/?p=58759"},"modified":"2026-04-30T17:29:37","modified_gmt":"2026-04-30T17:29:37","slug":"eduardo-kery-metivier-consolida-liderazgo-en-la-romana-con-apoyo-de-ministros-del-gobierno","status":"publish","type":"post","link":"https:\/\/defrentealaverdad.com\/index.php\/2026\/04\/30\/eduardo-kery-metivier-consolida-liderazgo-en-la-romana-con-apoyo-de-ministros-del-gobierno\/","title":{"rendered":"Eduardo Kery Metivier consolida liderazgo en La Romana con apoyo de ministros del Gobierno"},"content":{"rendered":"<p style=\"text-align: justify;\"><strong>La Romana.<\/strong> \u2013 El alcalde de La Romana y dirigente del Partido Revolucionario Moderno (PRM), Eduardo Kery Metivier, contin\u00faa consolidando espacios de articulaci\u00f3n pol\u00edtica y fortalecimiento institucional mediante encuentros estrat\u00e9gicos orientados a promover la unidad y cohesi\u00f3n partidaria en la provincia.<\/p>\n<p style=\"text-align: justify;\">En ese marco, se celebr\u00f3 el segundo encuentro con l\u00edderes nacionales del PRM, una iniciativa que ha logrado reunir a dirigentes y militantes en torno a una visi\u00f3n com\u00fan enfocada en la integraci\u00f3n, el fortalecimiento del liderazgo y la proyecci\u00f3n pol\u00edtica de cara al proceso electoral del 2028.<\/p>\n<p style=\"text-align: justify;\">La actividad cont\u00f3 con la participaci\u00f3n de Jos\u00e9 Ignacio Paliza, presidente del PRM y ministro de la Presidencia, as\u00ed como de Gloria Reyes, ministra de la Mujer, quienes encabezaron una jornada de intercambio centrada en los desaf\u00edos y oportunidades del partido, destacando la importancia del trabajo conjunto y la consolidaci\u00f3n de estructuras s\u00f3lidas a nivel territorial.<\/p>\n<p style=\"text-align: justify;\">El evento reuni\u00f3 a una amplia representaci\u00f3n de la dirigencia pol\u00edtica de la provincia, incluyendo l\u00edderes municipales y provinciales, alcaldes, regidores, vocales y diputados, as\u00ed como dirigentes provenientes de Guaymate, Villa Hermosa, Caleta y Cumayasa, evidenciando la capacidad de convocatoria y liderazgo del alcalde Metivier en el escenario local.<\/p>\n<p style=\"text-align: justify;\">Durante su intervenci\u00f3n, la ministra Gloria Reyes subray\u00f3 el rol estrat\u00e9gico de la mujer en la construcci\u00f3n del liderazgo pol\u00edtico del futuro, promoviendo una mayor participaci\u00f3n femenina dentro del partido como eje clave para su crecimiento y sostenibilidad.<\/p>\n<p style=\"text-align: justify;\">De igual manera, Jos\u00e9 Ignacio Paliza resalt\u00f3 los avances alcanzados por la actual gesti\u00f3n de gobierno encabezada por el presidente Luis Abinader, destacando la estabilidad econ\u00f3mica del pa\u00eds y su capacidad de respuesta ante desaf\u00edos globales, as\u00ed como la importancia de mantener la unidad partidaria como base para continuar impulsando el desarrollo nacional.<\/p>\n<p style=\"text-align: justify;\">Estas iniciativas refuerzan el posicionamiento de Eduardo Kery Metivier como un actor clave en la din\u00e1mica pol\u00edtica de La Romana, promoviendo la integraci\u00f3n de la dirigencia y contribuyendo al fortalecimiento del PRM con una visi\u00f3n de unidad, organizaci\u00f3n y proyecci\u00f3n hacia el futuro.<\/p>\n<p>Fuente: Equipo \u00abEduardo Kery Metivier\u00bb<\/p>\n","protected":false},"excerpt":{"rendered":"<p>La Romana. \u2013 El alcalde de La Romana y dirigente del Partido Revolucionario Moderno (PRM),<\/p>\n","protected":false},"author":1,"featured_media":58760,"comment_status":"open","ping_status":"open","sticky":false,"template":"","format":"standard","meta":{"footnotes":""},"categories":[12],"tags":[],"class_list":["post-58759","post","type-post","status-publish","format-standard","has-post-thumbnail","hentry","category-politicas"],"_links":{"self":[{"href":"https:\/\/defrentealaverdad.com\/index.php\/wp-json\/wp\/v2\/posts\/58759","targetHints":{"allow":["GET"]}}],"collection":[{"href":"https:\/\/defrentealaverdad.com\/index.php\/wp-json\/wp\/v2\/posts"}],"about":[{"href":"https:\/\/defrentealaverdad.com\/index.php\/wp-json\/wp\/v2\/types\/post"}],"author":[{"embeddable":true,"href":"https:\/\/defrentealaverdad.com\/index.php\/wp-json\/wp\/v2\/users\/1"}],"replies":[{"embeddable":true,"href":"https:\/\/defrentealaverdad.com\/index.php\/wp-json\/wp\/v2\/comments?post=58759"}],"version-history":[{"count":1,"href":"https:\/\/defrentealaverdad.com\/index.php\/wp-json\/wp\/v2\/posts\/58759\/revisions"}],"predecessor-version":[{"id":58761,"href":"https:\/\/defrentealaverdad.com\/index.php\/wp-json\/wp\/v2\/posts\/58759\/revisions\/58761"}],"wp:featuredmedia":[{"embeddable":true,"href":"https:\/\/defrentealaverdad.com\/index.php\/wp-json\/wp\/v2\/media\/58760"}],"wp:attachment":[{"href":"https:\/\/defrentealaverdad.com\/index.php\/wp-json\/wp\/v2\/media?parent=58759"}],"wp:term":[{"taxonomy":"category","embeddable":true,"href":"https:\/\/defrentealaverdad.com\/index.php\/wp-json\/wp\/v2\/categories?post=58759"},{"taxonomy":"post_tag","embeddable":true,"href":"https:\/\/defrentealaverdad.com\/index.php\/wp-json\/wp\/v2\/tags?post=58759"}],"curies":[{"name":"wp","href":"https:\/\/api.w.org\/{rel}","templated":true}]}}