{"id":58756,"date":"2026-04-30T13:03:52","date_gmt":"2026-04-30T13:03:52","guid":{"rendered":"https:\/\/defrentealaverdad.com\/?p=58756"},"modified":"2026-04-30T17:26:53","modified_gmt":"2026-04-30T17:26:53","slug":"caid-realiza-su-2do-congreso-inclusion-mas-alla-del-diagnostico","status":"publish","type":"post","link":"https:\/\/defrentealaverdad.com\/index.php\/2026\/04\/30\/caid-realiza-su-2do-congreso-inclusion-mas-alla-del-diagnostico\/","title":{"rendered":"CAID realiza su 2do. Congreso \u201cInclusi\u00f3n, m\u00e1s all\u00e1 del diagn\u00f3stico\u201d\u00a0"},"content":{"rendered":"<blockquote>\n<p style=\"text-align: center;\">El congreso busca promover la participaci\u00f3n de toda la sociedad en la construcci\u00f3n de un entorno m\u00e1s inclusivo, poniendo en el centro a la persona y su desarrollo integral.<\/p>\n<\/blockquote>\n<p style=\"text-align: justify;\"><strong>Santo Domingo.<\/strong> \u2013 El Centro de Atenci\u00f3n Integral para la Discapacidad (CAID) dej\u00f3 inaugurado el 2do. Congreso \u201cInclusi\u00f3n, m\u00e1s all\u00e1 del diagn\u00f3stico\u201d, un espacio de formaci\u00f3n para compartir conocimientos, experiencias y avances en torno a la inclusi\u00f3n.<\/p>\n<p style=\"text-align: justify;\">Catorce expositores nacionales e internacionales intervendr\u00e1n durante dos d\u00edas para exponer los avances en la inclusi\u00f3n, a fin de promover la participaci\u00f3n activa de la sociedad en la construcci\u00f3n de un entorno m\u00e1s inclusivo, poniendo en el centro a la persona y su desarrollo integral.<\/p>\n<p style=\"text-align: justify;\">El presidente del Consejo Directivo del CAID, padre Jorge William Hern\u00e1ndez manifest\u00f3 que este congreso asume como componente inseparable de la calidad de la atenci\u00f3n y sus avances, una mirada social y de derechos humanos.<\/p>\n<blockquote>\n<p style=\"text-align: center;\">\u201cNo queremos solo abordar los temas relacionados con la atenci\u00f3n m\u00e9dica y terap\u00e9utica de la discapacidad, sino poner el acento en la inclusi\u00f3n como aspecto fundamental\u201d, precis\u00f3 Hern\u00e1ndez.<\/p>\n<\/blockquote>\n<p style=\"text-align: justify;\">Durante el congreso se abordar\u00e1n aspectos como calidad de vida de las personas con alguna condici\u00f3n de discapacidad, pol\u00edticas p\u00fablicas, creaci\u00f3n de espacios urbanos accesibles, tecnolog\u00edas de apoyo, importancia de la alimentaci\u00f3n para el desarrollo de los ni\u00f1os, programas del CAID en favor de ni\u00f1os y ni\u00f1as con discapacidad, entre otros.<\/p>\n<p style=\"text-align: justify;\">La conferencia inaugural, \u201cCalidad de vida y sus implicaciones en la evaluaci\u00f3n y planificaci\u00f3n de servicios de apoyo\u201d, estuvo a cargo de Jos\u00e9 Luis Cuesta, especialista con m\u00e1s de 35 a\u00f1os de experiencia y actualmente director de la c\u00e1tedra Miradas por el Autismo y de la Escuela de Doctorado de la Universidad de Burgos, Espa\u00f1a.<\/p>\n<p style=\"text-align: justify;\">El evento, cuenta con el patrocinio de Grupo Naturgy, Humanos Seguros, Industrias San Miguel, Fundaci\u00f3n Corripio, Fundaci\u00f3n Refidonsa y Nuestra Casita RD.<\/p>\n<p style=\"text-align: justify;\">Como parte del inter\u00e9s de la instituci\u00f3n de que toda la poblaci\u00f3n sea parte de esta conversaci\u00f3n que promueve la inclusi\u00f3n, estar\u00e1 transmitiendo en vivo a trav\u00e9s del enlace <a href=\"https:\/\/www.youtube.com\/@caidrd2035\">https:\/\/www.youtube.com\/@caidrd2035<\/a><\/p>\n<p>Fuente: Prensa CAID<\/p>\n","protected":false},"excerpt":{"rendered":"<p>El congreso busca promover la participaci\u00f3n de toda la sociedad en la construcci\u00f3n de un<\/p>\n","protected":false},"author":4,"featured_media":58757,"comment_status":"open","ping_status":"open","sticky":false,"template":"","format":"standard","meta":{"footnotes":""},"categories":[7],"tags":[],"class_list":["post-58756","post","type-post","status-publish","format-standard","has-post-thumbnail","hentry","category-nacionales"],"_links":{"self":[{"href":"https:\/\/defrentealaverdad.com\/index.php\/wp-json\/wp\/v2\/posts\/58756","targetHints":{"allow":["GET"]}}],"collection":[{"href":"https:\/\/defrentealaverdad.com\/index.php\/wp-json\/wp\/v2\/posts"}],"about":[{"href":"https:\/\/defrentealaverdad.com\/index.php\/wp-json\/wp\/v2\/types\/post"}],"author":[{"embeddable":true,"href":"https:\/\/defrentealaverdad.com\/index.php\/wp-json\/wp\/v2\/users\/4"}],"replies":[{"embeddable":true,"href":"https:\/\/defrentealaverdad.com\/index.php\/wp-json\/wp\/v2\/comments?post=58756"}],"version-history":[{"count":1,"href":"https:\/\/defrentealaverdad.com\/index.php\/wp-json\/wp\/v2\/posts\/58756\/revisions"}],"predecessor-version":[{"id":58758,"href":"https:\/\/defrentealaverdad.com\/index.php\/wp-json\/wp\/v2\/posts\/58756\/revisions\/58758"}],"wp:featuredmedia":[{"embeddable":true,"href":"https:\/\/defrentealaverdad.com\/index.php\/wp-json\/wp\/v2\/media\/58757"}],"wp:attachment":[{"href":"https:\/\/defrentealaverdad.com\/index.php\/wp-json\/wp\/v2\/media?parent=58756"}],"wp:term":[{"taxonomy":"category","embeddable":true,"href":"https:\/\/defrentealaverdad.com\/index.php\/wp-json\/wp\/v2\/categories?post=58756"},{"taxonomy":"post_tag","embeddable":true,"href":"https:\/\/defrentealaverdad.com\/index.php\/wp-json\/wp\/v2\/tags?post=58756"}],"curies":[{"name":"wp","href":"https:\/\/api.w.org\/{rel}","templated":true}]}}