{"id":58747,"date":"2026-04-30T10:14:30","date_gmt":"2026-04-30T10:14:30","guid":{"rendered":"https:\/\/defrentealaverdad.com\/?p=58747"},"modified":"2026-04-30T17:16:31","modified_gmt":"2026-04-30T17:16:31","slug":"rafael-linares-guerrero-y-abril-pena-entre-los-100-comunicadores-mas-influyentes-de-rd","status":"publish","type":"post","link":"https:\/\/defrentealaverdad.com\/index.php\/2026\/04\/30\/rafael-linares-guerrero-y-abril-pena-entre-los-100-comunicadores-mas-influyentes-de-rd\/","title":{"rendered":"Rafael Linares Guerrero y Abril Pe\u00f1a entre los 100 comunicadores m\u00e1s influyentes de RD\u00a0"},"content":{"rendered":"<p style=\"text-align: justify;\"><strong>Santo Domingo.<\/strong>\u2013 A casi un a\u00f1o de su salida al aire, el programa matutino Despertar Pol\u00edtico contin\u00faa consolidando su posicionamiento en el escenario comunicacional dominicano, al lograr dos de sus principales talentos, Rafael Linares Guerrero y Abril Pe\u00f1a, estar en la prestigiosa lista de los 100 comunicadores m\u00e1s influyentes, elaborada por FUCIMDRES.<\/p>\n<p style=\"text-align: justify;\">Este reconocimiento valida el crecimiento sostenido ambos comunicadores y tambi\u00e9n del espacio, que se transmite diariamente por el canal 74 de Multimedios de Comunicaciones, y su capacidad de conectar con la audiencia a trav\u00e9s de un contenido pol\u00edtico directo, cr\u00edtico y de alto inter\u00e9s p\u00fablico.<\/p>\n<p style=\"text-align: justify;\">Rafael Linares Guerrero, abogado y especialista en temas de narcotr\u00e1fico, cuenta con m\u00e1s de 15 a\u00f1os de experiencia en los medios de comunicaci\u00f3n. Su presencia en plataformas digitales, especialmente en YouTube, lo posiciona como una de las voces m\u00e1s influyentes del an\u00e1lisis pol\u00edtico actual, destac\u00e1ndose tambi\u00e9n entre los creadores de contenido m\u00e1s vistos del pa\u00eds.<\/p>\n<p style=\"text-align: justify;\">Por su parte, Abril Pe\u00f1a, comunicadora con casi una d\u00e9cada de trayectoria, ha construido una s\u00f3lida presencia en la prensa escrita y audiovisual. Es directora digital de El Pregonero RD y creadora de RD al Descubierto, adem\u00e1s de participar en espacios televisivos como Pol\u00edtica con 6to Sentido y el propio Despertar Pol\u00edtico, donde ha fortalecido su perfil como analista y editorialista.<\/p>\n<p style=\"text-align: justify;\">Desde su lanzamiento, Despertar Pol\u00edtico se ha caracterizado por ofrecer un contenido sin filtros, donde el an\u00e1lisis pol\u00edtico y social ocupa un lugar central. Su propuesta ha logrado diferenciarse dentro de los matutinos tradicionales, apostando por una narrativa m\u00e1s directa y conectada con la realidad del pa\u00eds.\u2029Bajo el lema \u201cdonde las voces no se callan\u201d, el programa ha logrado posicionarse como uno de los espacios emergentes m\u00e1s influyentes dentro del ecosistema comunicacional dominicano.<\/p>\n<p style=\"text-align: justify;\">Tras el reconocimiento, el equipo de Despertar Pol\u00edtico agradeci\u00f3 a su audiencia por el respaldo continuo, destacando que este logro representa tambi\u00e9n un compromiso de seguir informando con responsabilidad, profundidad y apego a la verdad.<\/p>\n<p style=\"text-align: justify;\">La inclusi\u00f3n de dos de sus talentos en el ranking de FUCIMDRES no solo refleja el crecimiento individual de sus comunicadores, sino tambi\u00e9n el impacto colectivo del programa como plataforma de an\u00e1lisis y formaci\u00f3n de opini\u00f3n p\u00fablica.<\/p>\n<blockquote>\n<p style=\"text-align: justify;\">\u201cEste reconocimiento no solo valida el trabajo individual, sino el crecimiento de un espacio que apuesta por una comunicaci\u00f3n m\u00e1s directa, cr\u00edtica y conectada con la gente.\u201d<\/p>\n<\/blockquote>\n<p>Fuente: FUCIMDRES<\/p>\n","protected":false},"excerpt":{"rendered":"<p>Santo Domingo.\u2013 A casi un a\u00f1o de su salida al aire, el programa matutino Despertar<\/p>\n","protected":false},"author":1,"featured_media":58748,"comment_status":"open","ping_status":"open","sticky":false,"template":"","format":"standard","meta":{"footnotes":""},"categories":[255],"tags":[],"class_list":["post-58747","post","type-post","status-publish","format-standard","has-post-thumbnail","hentry","category-comunicacion"],"_links":{"self":[{"href":"https:\/\/defrentealaverdad.com\/index.php\/wp-json\/wp\/v2\/posts\/58747","targetHints":{"allow":["GET"]}}],"collection":[{"href":"https:\/\/defrentealaverdad.com\/index.php\/wp-json\/wp\/v2\/posts"}],"about":[{"href":"https:\/\/defrentealaverdad.com\/index.php\/wp-json\/wp\/v2\/types\/post"}],"author":[{"embeddable":true,"href":"https:\/\/defrentealaverdad.com\/index.php\/wp-json\/wp\/v2\/users\/1"}],"replies":[{"embeddable":true,"href":"https:\/\/defrentealaverdad.com\/index.php\/wp-json\/wp\/v2\/comments?post=58747"}],"version-history":[{"count":1,"href":"https:\/\/defrentealaverdad.com\/index.php\/wp-json\/wp\/v2\/posts\/58747\/revisions"}],"predecessor-version":[{"id":58749,"href":"https:\/\/defrentealaverdad.com\/index.php\/wp-json\/wp\/v2\/posts\/58747\/revisions\/58749"}],"wp:featuredmedia":[{"embeddable":true,"href":"https:\/\/defrentealaverdad.com\/index.php\/wp-json\/wp\/v2\/media\/58748"}],"wp:attachment":[{"href":"https:\/\/defrentealaverdad.com\/index.php\/wp-json\/wp\/v2\/media?parent=58747"}],"wp:term":[{"taxonomy":"category","embeddable":true,"href":"https:\/\/defrentealaverdad.com\/index.php\/wp-json\/wp\/v2\/categories?post=58747"},{"taxonomy":"post_tag","embeddable":true,"href":"https:\/\/defrentealaverdad.com\/index.php\/wp-json\/wp\/v2\/tags?post=58747"}],"curies":[{"name":"wp","href":"https:\/\/api.w.org\/{rel}","templated":true}]}}