{"id":58743,"date":"2026-04-29T20:59:12","date_gmt":"2026-04-29T20:59:12","guid":{"rendered":"https:\/\/defrentealaverdad.com\/?p=58743"},"modified":"2026-04-30T01:07:02","modified_gmt":"2026-04-30T01:07:02","slug":"fashion-week-homestead-2026-cuando-la-moda-se-convierte-en-esperanza-y-transforma-vidas","status":"publish","type":"post","link":"https:\/\/defrentealaverdad.com\/index.php\/2026\/04\/29\/fashion-week-homestead-2026-cuando-la-moda-se-convierte-en-esperanza-y-transforma-vidas\/","title":{"rendered":"Fashion Week Homestead 2026: Cuando la moda se convierte en esperanza y transforma vidas"},"content":{"rendered":"<p style=\"text-align: justify;\"><strong>Homestead, Florida<\/strong> \u2014 Este pr\u00f3ximo 2 de mayo, la ciudad de Homestead ser\u00e1 escenario de una noche extraordinaria donde la moda trasciende la pasarela para convertirse en un verdadero motor de cambio social. Llega Fashion Week Homestead 2026, un evento sin precedentes que se celebrar\u00e1 en el William F. Dickson Community Center, ubicado en 1601N Krome Avenue Homestead, Fl 33030 reuniendo talento, cultura e impacto comunitario en una experiencia \u00fanica.<\/p>\n<p style=\"text-align: justify;\">Organizado por la JC Inspires Foundation, este evento tiene como prop\u00f3sito recaudar fondos para continuar desarrollando programas que han impactado desde el 2019 a cientos de familias, miles de ni\u00f1os y mujeres en el condado de Miami-Dade y a nivel internacional.<\/p>\n<p style=\"text-align: justify;\">Con presencia en pa\u00edses como Puerto Rico, Rep\u00fablica Dominicana, Anguila, Hait\u00ed, M\u00e9xico y Venezuela, la fundaci\u00f3n ha llevado esperanza a trav\u00e9s de iniciativas como Happy Faces, entrega de ropa, juguetes y art\u00edculos esenciales; Baby JC, apoyando a madres y reci\u00e9n nacidos; JC Vision Program, brindando ex\u00e1menes visuales y lentes reciclados; as\u00ed como programas de empoderamiento femenino atravez de Club de Madres Mujeres Empoderadas, Capacitacion de lider comunitario, voluntariado , back to School entre otros programas.<\/p>\n<blockquote>\n<p style=\"text-align: center;\">\u201cFashion Week Homestead no es solo moda, es una plataforma de impacto. Es un sue\u00f1o que hoy se hace realidad gracias al esfuerzo colectivo de un equipo comprometido con servir\u201d, expres\u00f3 su fundadora y l\u00edder comunitaria, Josephine Cancel.<\/p>\n<\/blockquote>\n<p><strong>Una pasarela con alma<\/strong><\/p>\n<p style=\"text-align: justify;\">M\u00e1s de 60 modelos dar\u00e1n vida a una pasarela cargada de significado, donde reconocidos dise\u00f1adores y talentos emergentes presentar\u00e1n sus colecciones, entre ellos Maritza Guevara, Henry Meza, Yami Fuente y Melva L\u00f3pez, destacando la diversidad, la inclusi\u00f3n y la creatividad.<\/p>\n<p style=\"text-align: justify;\">La noche tambi\u00e9n brillar\u00e1 con propuestas innovadoras como la de Marinelly Ortiz, quien transformar\u00e1 materiales reciclados en moda con prop\u00f3sito, llevando un poderoso mensaje de conciencia ambiental.<\/p>\n<p style=\"text-align: justify;\">Uno de los momentos m\u00e1s emotivos ser\u00e1 la presentaci\u00f3n de una creaci\u00f3n exclusiva dise\u00f1ada y confeccionada por Marilyn Cancel, Directora Regional, junto a Amelia Rodr\u00edguez, madre del fundador David Cancel, simbolizando el legado, la uni\u00f3n familiar y el coraz\u00f3n que impulsa la misi\u00f3n de la organizaci\u00f3n.<\/p>\n<p><strong>Mucho m\u00e1s que un desfile<\/strong><\/p>\n<p style=\"text-align: justify;\">El evento ser\u00e1 conducido por los presentadores Eva Chac\u00edn, Nandy Guerrero , quienes aportar\u00e1n carisma y energ\u00eda a una noche que promete ser inolvidable.<\/p>\n<p>La experiencia incluir\u00e1:<\/p>\n<ul>\n<li>Alfombra roja desde las 4:00 p.m.<\/li>\n<li>Inicio del show a las 5:00 p.m.<\/li>\n<li>Presentaciones musicales en vivo<\/li>\n<li style=\"text-align: justify;\">Participaci\u00f3n de influencers, reinas de belleza y l\u00edderes comunitarios<\/li>\n<li>Rifas<\/li>\n<li style=\"text-align: justify;\">Emprendedores locales y un ambiente lleno de inspiraci\u00f3n<\/li>\n<\/ul>\n<blockquote>\n<p style=\"text-align: center;\">S\u00e9 parte del impacto<\/p>\n<\/blockquote>\n<p style=\"text-align: justify;\">Las entradas ya est\u00e1n disponibles en Eventbrite y entrada Centro<\/p>\n<ul>\n<li>General: $20<\/li>\n<li>VIP: $35<\/li>\n<\/ul>\n<p style=\"text-align: justify;\"><strong>Un llamado a la comunidad<\/strong><\/p>\n<p style=\"text-align: justify;\">Fashion Week Homestead es una invitaci\u00f3n a creer en el poder de la comunidad. Es la prueba de que la moda puede ser una herramienta para inspirar, unir y transformar realidades.<\/p>\n<p style=\"text-align: justify;\">Fashion Week Homestead no es solo moda: es arte, inclusi\u00f3n e inspiraci\u00f3n. Es una oportunidad para que la comunidad se una en torno a una causa que transforma vidas.<\/p>\n<blockquote>\n<p style=\"text-align: center;\">\u201cQueremos que cada persona que asista no solo disfrute del espect\u00e1culo, sino que se convierta en parte del cambio y que no se pierdan el ser parte de esta noche especial donde la elegancia se une con el prop\u00f3sito social. Juntos podemos generar un impacto que inspire\u201d, concluy\u00f3 Josephine Cancel.<\/p>\n<\/blockquote>\n<p style=\"text-align: justify;\">Para conocer m\u00e1s de Jc Inspires Foundation Visita: www.jcinspiresfoundation.org \/ @jcinspiresfoundation\/ @fashionweekhomestead<\/p>\n<p>&nbsp;<\/p>\n<p>Fuente: Fox Media Group<\/p>\n","protected":false},"excerpt":{"rendered":"<p>Homestead, Florida \u2014 Este pr\u00f3ximo 2 de mayo, la ciudad de Homestead ser\u00e1 escenario de<\/p>\n","protected":false},"author":1,"featured_media":58746,"comment_status":"open","ping_status":"open","sticky":false,"template":"","format":"standard","meta":{"footnotes":""},"categories":[16],"tags":[],"class_list":["post-58743","post","type-post","status-publish","format-standard","has-post-thumbnail","hentry","category-internacionales"],"_links":{"self":[{"href":"https:\/\/defrentealaverdad.com\/index.php\/wp-json\/wp\/v2\/posts\/58743","targetHints":{"allow":["GET"]}}],"collection":[{"href":"https:\/\/defrentealaverdad.com\/index.php\/wp-json\/wp\/v2\/posts"}],"about":[{"href":"https:\/\/defrentealaverdad.com\/index.php\/wp-json\/wp\/v2\/types\/post"}],"author":[{"embeddable":true,"href":"https:\/\/defrentealaverdad.com\/index.php\/wp-json\/wp\/v2\/users\/1"}],"replies":[{"embeddable":true,"href":"https:\/\/defrentealaverdad.com\/index.php\/wp-json\/wp\/v2\/comments?post=58743"}],"version-history":[{"count":1,"href":"https:\/\/defrentealaverdad.com\/index.php\/wp-json\/wp\/v2\/posts\/58743\/revisions"}],"predecessor-version":[{"id":58745,"href":"https:\/\/defrentealaverdad.com\/index.php\/wp-json\/wp\/v2\/posts\/58743\/revisions\/58745"}],"wp:featuredmedia":[{"embeddable":true,"href":"https:\/\/defrentealaverdad.com\/index.php\/wp-json\/wp\/v2\/media\/58746"}],"wp:attachment":[{"href":"https:\/\/defrentealaverdad.com\/index.php\/wp-json\/wp\/v2\/media?parent=58743"}],"wp:term":[{"taxonomy":"category","embeddable":true,"href":"https:\/\/defrentealaverdad.com\/index.php\/wp-json\/wp\/v2\/categories?post=58743"},{"taxonomy":"post_tag","embeddable":true,"href":"https:\/\/defrentealaverdad.com\/index.php\/wp-json\/wp\/v2\/tags?post=58743"}],"curies":[{"name":"wp","href":"https:\/\/api.w.org\/{rel}","templated":true}]}}