{"id":58737,"date":"2026-04-29T09:40:54","date_gmt":"2026-04-29T09:40:54","guid":{"rendered":"https:\/\/defrentealaverdad.com\/?p=58737"},"modified":"2026-04-30T00:42:18","modified_gmt":"2026-04-30T00:42:18","slug":"radhames-silverio-y-ministro-del-mescyt-abordan-la-alineacion-de-la-oferta-curricular-de-la-uasd-con-el-desarrollo-de-las-comunidades","status":"publish","type":"post","link":"https:\/\/defrentealaverdad.com\/index.php\/2026\/04\/29\/radhames-silverio-y-ministro-del-mescyt-abordan-la-alineacion-de-la-oferta-curricular-de-la-uasd-con-el-desarrollo-de-las-comunidades\/","title":{"rendered":"Radham\u00e9s Silverio y ministro del MESCyT abordan la alineaci\u00f3n de la oferta curricular de la UASD con el desarrollo de las comunidades"},"content":{"rendered":"<blockquote>\n<p style=\"text-align: center;\">Silverio abord\u00f3 la pertinencia acad\u00e9mica, la investigaci\u00f3n y la inclusi\u00f3n en el marco del desarrollo nacional.<\/p>\n<\/blockquote>\n<p style=\"text-align: justify;\"><strong>Santo Domingo, R.D.<\/strong> \u2014 El aspirante a rector de la Universidad Aut\u00f3noma de Santo Domingo (UASD), Radham\u00e9s Silverio, sostuvo un encuentro con el ministro de Educaci\u00f3n Superior, Ciencia y Tecnolog\u00eda (MESCyT), Rafael Santos Bad\u00eda, en el que abordaron la necesidad de alinear la oferta curricular universitaria con las demandas de las comunidades.<\/p>\n<p style=\"text-align: justify;\">Durante la reuni\u00f3n, las partes intercambiaron criterios sobre iniciativas orientadas a fortalecer la oferta acad\u00e9mica en las distintas facultades y recintos regionales de la UASD, resaltando su impacto en el desarrollo social y productivo del pa\u00eds.<\/p>\n<p style=\"text-align: justify;\">Silverio present\u00f3 aspectos centrales de su propuesta de gesti\u00f3n acad\u00e9mica y administrativa en el contexto del proceso electoral universitario, haciendo \u00e9nfasis en la pertinencia de los programas formativos y en la ampliaci\u00f3n de oportunidades educativas.<\/p>\n<blockquote>\n<p style=\"text-align: center;\">\u201cEl pa\u00eds necesita una universidad m\u00e1s conectada con su entorno, que forme profesionales capaces de responder a los desaf\u00edos reales de sus comunidades\u201d, expres\u00f3 Silverio.<\/p>\n<\/blockquote>\n<p style=\"text-align: justify;\">Asimismo, Silverio abord\u00f3 la pertinencia acad\u00e9mica, la investigaci\u00f3n y la inclusi\u00f3n en el marco del desarrollo nacional.<\/p>\n<blockquote>\n<p style=\"text-align: center;\">\u201cDebemos consolidar una educaci\u00f3n superior alineada con las necesidades nacionales, que promueva la equidad y el desarrollo sostenible\u201d, afirm\u00f3.<\/p>\n<\/blockquote>\n<p style=\"text-align: justify;\">En el encuentro tambi\u00e9n se trat\u00f3 el rol del MESCyT en la formulaci\u00f3n de pol\u00edticas p\u00fablicas orientadas a elevar la calidad de la educaci\u00f3n superior, as\u00ed como su funci\u00f3n en la articulaci\u00f3n entre la academia, el Estado y la sociedad.<\/p>\n<p style=\"text-align: justify;\">En materia de investigaci\u00f3n, Silverio abord\u00f3 el alcance del Fondo Nacional de Innovaci\u00f3n y Desarrollo Cient\u00edfico y Tecnol\u00f3gico (FONDOCyT), destacando su papel como mecanismo de financiamiento para proyectos cient\u00edficos y de innovaci\u00f3n.<\/p>\n<p style=\"text-align: justify;\">Sostuvo que el fortalecimiento de este fondo permitir\u00eda generar conocimientos aplicados y aportar soluciones a problem\u00e1ticas nacionales.<\/p>\n<p style=\"text-align: justify;\">El encuentro forma parte de los esfuerzos por promover un modelo de educaci\u00f3n superior m\u00e1s pertinente y vinculada al desarrollo del pa\u00eds.<\/p>\n<p>Fuente: Prensa UASD<\/p>\n","protected":false},"excerpt":{"rendered":"<p>Silverio abord\u00f3 la pertinencia acad\u00e9mica, la investigaci\u00f3n y la inclusi\u00f3n en el marco del desarrollo<\/p>\n","protected":false},"author":1,"featured_media":58738,"comment_status":"open","ping_status":"open","sticky":false,"template":"","format":"standard","meta":{"footnotes":""},"categories":[7],"tags":[],"class_list":["post-58737","post","type-post","status-publish","format-standard","has-post-thumbnail","hentry","category-nacionales"],"_links":{"self":[{"href":"https:\/\/defrentealaverdad.com\/index.php\/wp-json\/wp\/v2\/posts\/58737","targetHints":{"allow":["GET"]}}],"collection":[{"href":"https:\/\/defrentealaverdad.com\/index.php\/wp-json\/wp\/v2\/posts"}],"about":[{"href":"https:\/\/defrentealaverdad.com\/index.php\/wp-json\/wp\/v2\/types\/post"}],"author":[{"embeddable":true,"href":"https:\/\/defrentealaverdad.com\/index.php\/wp-json\/wp\/v2\/users\/1"}],"replies":[{"embeddable":true,"href":"https:\/\/defrentealaverdad.com\/index.php\/wp-json\/wp\/v2\/comments?post=58737"}],"version-history":[{"count":1,"href":"https:\/\/defrentealaverdad.com\/index.php\/wp-json\/wp\/v2\/posts\/58737\/revisions"}],"predecessor-version":[{"id":58739,"href":"https:\/\/defrentealaverdad.com\/index.php\/wp-json\/wp\/v2\/posts\/58737\/revisions\/58739"}],"wp:featuredmedia":[{"embeddable":true,"href":"https:\/\/defrentealaverdad.com\/index.php\/wp-json\/wp\/v2\/media\/58738"}],"wp:attachment":[{"href":"https:\/\/defrentealaverdad.com\/index.php\/wp-json\/wp\/v2\/media?parent=58737"}],"wp:term":[{"taxonomy":"category","embeddable":true,"href":"https:\/\/defrentealaverdad.com\/index.php\/wp-json\/wp\/v2\/categories?post=58737"},{"taxonomy":"post_tag","embeddable":true,"href":"https:\/\/defrentealaverdad.com\/index.php\/wp-json\/wp\/v2\/tags?post=58737"}],"curies":[{"name":"wp","href":"https:\/\/api.w.org\/{rel}","templated":true}]}}