{"id":58722,"date":"2026-04-28T10:47:52","date_gmt":"2026-04-28T10:47:52","guid":{"rendered":"https:\/\/defrentealaverdad.com\/?p=58722"},"modified":"2026-04-30T00:21:29","modified_gmt":"2026-04-30T00:21:29","slug":"inafocam-e-itla-fortalecen-la-evaluacion-e-investigacion-educativa-mediante-convenio-de-interoperabilidad-tecnologica","status":"publish","type":"post","link":"https:\/\/defrentealaverdad.com\/index.php\/2026\/04\/28\/inafocam-e-itla-fortalecen-la-evaluacion-e-investigacion-educativa-mediante-convenio-de-interoperabilidad-tecnologica\/","title":{"rendered":"INAFOCAM e ITLA fortalecen la evaluaci\u00f3n e investigaci\u00f3n educativa mediante convenio de interoperabilidad tecnol\u00f3gica"},"content":{"rendered":"<p style=\"text-align: justify;\"><strong>Santo Domingo<\/strong> .\u2013 El Instituto Nacional de Formaci\u00f3n y Capacitaci\u00f3n del Magisterio (INAFOCAM) y el Instituto Tecnol\u00f3gico de las Am\u00e9ricas (ITLA) suscribieron un convenio espec\u00edfico de colaboraci\u00f3n con el prop\u00f3sito de fortalecer los procesos de evaluaci\u00f3n, investigaci\u00f3n y gesti\u00f3n documental, a trav\u00e9s de la implementaci\u00f3n de soluciones tecnol\u00f3gicas orientadas a la interoperabilidad institucional.<\/p>\n<p style=\"text-align: justify;\">El acto de firma fue encabezado por el rector del ITLA, Ing. Jimmy Rosario Bernard, y la directora ejecutiva de INAFOCAM, Siullin Joa Le\u00f3n, quienes coincidieron en destacar la relevancia de esta alianza estrat\u00e9gica para la consolidaci\u00f3n de capacidades institucionales y el fortalecimiento de la gesti\u00f3n basada en evidencia.<\/p>\n<blockquote>\n<p style=\"text-align: center;\">\u201cEl ITLA reafirma su compromiso con el desarrollo de soluciones tecnol\u00f3gicas aplicadas al \u00e1mbito educativo, promoviendo la integraci\u00f3n de sistemas que contribuyan a una gesti\u00f3n m\u00e1s eficiente y a la toma de decisiones informadas\u201d, expres\u00f3 el rector Rosario Bernard.<\/p>\n<\/blockquote>\n<p style=\"text-align: justify;\">De su lado, la directora ejecutiva de INAFOCAM se\u00f1al\u00f3 que \u201ceste acuerdo representa un avance significativo en el fortalecimiento de los procesos de evaluaci\u00f3n e investigaci\u00f3n educativa, incorporando herramientas que permitir\u00e1n optimizar la gesti\u00f3n documental y la generaci\u00f3n de evidencia para la mejora continua del sistema educativo\u201d.<\/p>\n<p style=\"text-align: justify;\">Como parte del convenio, ambas instituciones incorporar\u00e1n el uso de la plataforma UltiCabinet\u00ae en proyectos de evaluaci\u00f3n e investigaci\u00f3n educativa, con el prop\u00f3sito de fortalecer la organizaci\u00f3n, el resguardo y la trazabilidad de la documentaci\u00f3n t\u00e9cnica generada en el marco de las iniciativas conjuntas.<\/p>\n<p style=\"text-align: justify;\">El acuerdo contempla, adem\u00e1s, la implementaci\u00f3n de un componente t\u00e9cnico especializado que incluye la habilitaci\u00f3n de la plataforma, la capacitaci\u00f3n del personal del ITLA en su uso y su integraci\u00f3n a los flujos documentales y repositorios digitales vinculados a procesos de evaluaci\u00f3n, monitoreo, investigaci\u00f3n y sistematizaci\u00f3n.<\/p>\n<p style=\"text-align: justify;\">Asimismo, se establece un esquema de acompa\u00f1amiento t\u00e9cnico durante la fase de implementaci\u00f3n, junto con mecanismos de seguimiento y evaluaci\u00f3n orientados a medir el impacto de la herramienta en la producci\u00f3n de informes t\u00e9cnicos y en el fortalecimiento de las pol\u00edticas p\u00fablicas educativas.<\/p>\n<p style=\"text-align: justify;\">Entre los principales \u00e1mbitos de acci\u00f3n del convenio se destacan la formaci\u00f3n continua del personal en gesti\u00f3n documental y herramientas digitales, el acompa\u00f1amiento t\u00e9cnico especializado, el monitoreo y evaluaci\u00f3n de procesos, y el impulso de la transformaci\u00f3n digital institucional.<\/p>\n<p style=\"text-align: justify;\">Mediante esta iniciativa, INAFOCAM y el ITLA reafirman su compromiso con la innovaci\u00f3n, la modernizaci\u00f3n de la gesti\u00f3n p\u00fablica y el fortalecimiento del sistema educativo dominicano, en consonancia con las prioridades nacionales de desarrollo<\/p>\n<p>Fuente: Prensa ITLA<\/p>\n","protected":false},"excerpt":{"rendered":"<p>Santo Domingo .\u2013 El Instituto Nacional de Formaci\u00f3n y Capacitaci\u00f3n del Magisterio (INAFOCAM) y el<\/p>\n","protected":false},"author":1,"featured_media":58723,"comment_status":"open","ping_status":"open","sticky":false,"template":"","format":"standard","meta":{"footnotes":""},"categories":[7],"tags":[],"class_list":["post-58722","post","type-post","status-publish","format-standard","has-post-thumbnail","hentry","category-nacionales"],"_links":{"self":[{"href":"https:\/\/defrentealaverdad.com\/index.php\/wp-json\/wp\/v2\/posts\/58722","targetHints":{"allow":["GET"]}}],"collection":[{"href":"https:\/\/defrentealaverdad.com\/index.php\/wp-json\/wp\/v2\/posts"}],"about":[{"href":"https:\/\/defrentealaverdad.com\/index.php\/wp-json\/wp\/v2\/types\/post"}],"author":[{"embeddable":true,"href":"https:\/\/defrentealaverdad.com\/index.php\/wp-json\/wp\/v2\/users\/1"}],"replies":[{"embeddable":true,"href":"https:\/\/defrentealaverdad.com\/index.php\/wp-json\/wp\/v2\/comments?post=58722"}],"version-history":[{"count":1,"href":"https:\/\/defrentealaverdad.com\/index.php\/wp-json\/wp\/v2\/posts\/58722\/revisions"}],"predecessor-version":[{"id":58724,"href":"https:\/\/defrentealaverdad.com\/index.php\/wp-json\/wp\/v2\/posts\/58722\/revisions\/58724"}],"wp:featuredmedia":[{"embeddable":true,"href":"https:\/\/defrentealaverdad.com\/index.php\/wp-json\/wp\/v2\/media\/58723"}],"wp:attachment":[{"href":"https:\/\/defrentealaverdad.com\/index.php\/wp-json\/wp\/v2\/media?parent=58722"}],"wp:term":[{"taxonomy":"category","embeddable":true,"href":"https:\/\/defrentealaverdad.com\/index.php\/wp-json\/wp\/v2\/categories?post=58722"},{"taxonomy":"post_tag","embeddable":true,"href":"https:\/\/defrentealaverdad.com\/index.php\/wp-json\/wp\/v2\/tags?post=58722"}],"curies":[{"name":"wp","href":"https:\/\/api.w.org\/{rel}","templated":true}]}}