{"id":58719,"date":"2026-04-29T18:55:30","date_gmt":"2026-04-29T18:55:30","guid":{"rendered":"https:\/\/defrentealaverdad.com\/?p=58719"},"modified":"2026-04-30T00:17:12","modified_gmt":"2026-04-30T00:17:12","slug":"unade-fortalece-la-educacion-en-defensa-con-nuevas-maestrias-estrategicas-aprobadas-por-el-conescyt","status":"publish","type":"post","link":"https:\/\/defrentealaverdad.com\/index.php\/2026\/04\/29\/unade-fortalece-la-educacion-en-defensa-con-nuevas-maestrias-estrategicas-aprobadas-por-el-conescyt\/","title":{"rendered":"UNADE fortalece la educaci\u00f3n en defensa con nuevas maestr\u00edas estrat\u00e9gicas aprobadas por el CONESCyT"},"content":{"rendered":"<p style=\"text-align: justify;\">La Universidad Nacional para la Defensa (UNADE), adscrita al Ministerio de Defensa, incorpor\u00f3 nuevas maestr\u00edas en Ciberseguridad y Ciberdefensa, Gobernanza Ambiental y Gesti\u00f3n de Riesgos de Desastres, y Seguridad Mar\u00edtima y Portuaria, aprobadas por el CONESCyT.<\/p>\n<p style=\"text-align: justify;\">Con Estos programas buscan fortalecer la educaci\u00f3n superior en defensa y responder a los desaf\u00edos estrat\u00e9gicos, tecnol\u00f3gicos y de seguridad del pa\u00eds, consolidando la formaci\u00f3n integral y el pensamiento estrat\u00e9gico en las Fuerzas Armadas.<\/p>\n<p>Fuente: Prensa UNADE<\/p>\n","protected":false},"excerpt":{"rendered":"<p>La Universidad Nacional para la Defensa (UNADE), adscrita al Ministerio de Defensa, incorpor\u00f3 nuevas maestr\u00edas<\/p>\n","protected":false},"author":2,"featured_media":58720,"comment_status":"open","ping_status":"open","sticky":false,"template":"","format":"standard","meta":{"footnotes":""},"categories":[7],"tags":[],"class_list":["post-58719","post","type-post","status-publish","format-standard","has-post-thumbnail","hentry","category-nacionales"],"_links":{"self":[{"href":"https:\/\/defrentealaverdad.com\/index.php\/wp-json\/wp\/v2\/posts\/58719","targetHints":{"allow":["GET"]}}],"collection":[{"href":"https:\/\/defrentealaverdad.com\/index.php\/wp-json\/wp\/v2\/posts"}],"about":[{"href":"https:\/\/defrentealaverdad.com\/index.php\/wp-json\/wp\/v2\/types\/post"}],"author":[{"embeddable":true,"href":"https:\/\/defrentealaverdad.com\/index.php\/wp-json\/wp\/v2\/users\/2"}],"replies":[{"embeddable":true,"href":"https:\/\/defrentealaverdad.com\/index.php\/wp-json\/wp\/v2\/comments?post=58719"}],"version-history":[{"count":1,"href":"https:\/\/defrentealaverdad.com\/index.php\/wp-json\/wp\/v2\/posts\/58719\/revisions"}],"predecessor-version":[{"id":58721,"href":"https:\/\/defrentealaverdad.com\/index.php\/wp-json\/wp\/v2\/posts\/58719\/revisions\/58721"}],"wp:featuredmedia":[{"embeddable":true,"href":"https:\/\/defrentealaverdad.com\/index.php\/wp-json\/wp\/v2\/media\/58720"}],"wp:attachment":[{"href":"https:\/\/defrentealaverdad.com\/index.php\/wp-json\/wp\/v2\/media?parent=58719"}],"wp:term":[{"taxonomy":"category","embeddable":true,"href":"https:\/\/defrentealaverdad.com\/index.php\/wp-json\/wp\/v2\/categories?post=58719"},{"taxonomy":"post_tag","embeddable":true,"href":"https:\/\/defrentealaverdad.com\/index.php\/wp-json\/wp\/v2\/tags?post=58719"}],"curies":[{"name":"wp","href":"https:\/\/api.w.org\/{rel}","templated":true}]}}