{"id":58713,"date":"2026-04-28T18:06:08","date_gmt":"2026-04-28T18:06:08","guid":{"rendered":"https:\/\/defrentealaverdad.com\/?p=58713"},"modified":"2026-04-30T00:09:00","modified_gmt":"2026-04-30T00:09:00","slug":"manny-cruz-logra-su-primer-disco-de-oro","status":"publish","type":"post","link":"https:\/\/defrentealaverdad.com\/index.php\/2026\/04\/28\/manny-cruz-logra-su-primer-disco-de-oro\/","title":{"rendered":"Manny Cruz logra su primer disco de oro"},"content":{"rendered":"<blockquote>\n<p style=\"padding-left: 40px;\">\n<\/blockquote>\n<p style=\"text-align: justify;\">SANTO DOMINGO.- El artista dominicano Manny Cruz recibi\u00f3 el primer disco de oro de su carrera con el sencillo \u201cLas puertas del cielo\u201d, interpretada junto a Anthony Santos.<\/p>\n<p style=\"text-align: justify;\">La certificaci\u00f3n otorgada por la Recording Industry Association of America (RIAA Latin) se fundamenta en unidades certificadas que abarcan ventas f\u00edsicas, descargas digitales y streams equivalentes, as\u00ed como consumo dentro del mercado de Estados Unidos.<\/p>\n<blockquote>\n<p style=\"text-align: center;\">\u201cEscrib\u00ed esta canci\u00f3n con mucha ilusi\u00f3n pensando en cantarla junto a Anthony Santos. Primero se me dio esa colaboraci\u00f3n so\u00f1ada, y luego recibir este disco de oro ha sido algo maravilloso. Este reconocimiento me reafirma lo valioso de vivir los procesos, de hacer las cosas bien y confiar en que los resultados llegan a su tiempo. Gracias a Dios por hacerlo posible y a todo el p\u00fablico que la ha bailado, especialmente en Europa, Rep\u00fablica Dominicana y Estados Unidos. Agradecido de todo mi equipo, en especial a La Oreja Media por su apoyo siempre en la estrategia y distribuci\u00f3n digital de toda mi m\u00fasica.\u201d, manifest\u00f3 el cantautor.<\/p>\n<\/blockquote>\n<p style=\"text-align: justify;\">\u201cLas puertas del cielo\u201d, interpretada por Manny y Anthony Santos, es una bachata rom\u00e1ntica que aborda el desamor, la traici\u00f3n y el arrepentimiento. Esta fusiona el estilo contempor\u00e1neo de Manny con la esencia tradicional de El Mayimbe.<\/p>\n<p style=\"text-align: justify;\">Cabe destacar que este logro, adem\u00e1s, evidencia el apoyo a la bachata en aguas extranjeras. Pues, adem\u00e1s, logr\u00f3 posicionarse en el Top 10 del listado Tropical Airplay, tuvo alta rotaci\u00f3n en plataformas digitales y una presencia destacada en Estados Unidos y la Rep\u00fablica Dominicana.<\/p>\n<p style=\"text-align: justify;\">Cabe destacar que la canci\u00f3n es producida por Antonio Gonz\u00e1lez, distribuida por La Oreja Media y es de la autor\u00eda de Manny Cruz, perteneciendo a su \u00e1lbum \u201cLove Dance Merengue\u201d. Asimismo, el audiovisual cuante con m\u00e1s de cinco millones y medio de reproducciones en el canal del YouTube del 6 veces nominado al Latin Grammy.<\/p>\n<p>Fuente: Prensa M. Cruz<\/p>\n","protected":false},"excerpt":{"rendered":"<p>SANTO DOMINGO.- El artista dominicano Manny Cruz recibi\u00f3 el primer disco de oro de su<\/p>\n","protected":false},"author":4,"featured_media":58714,"comment_status":"open","ping_status":"open","sticky":false,"template":"","format":"standard","meta":{"footnotes":""},"categories":[6],"tags":[],"class_list":["post-58713","post","type-post","status-publish","format-standard","has-post-thumbnail","hentry","category-espectaculos"],"_links":{"self":[{"href":"https:\/\/defrentealaverdad.com\/index.php\/wp-json\/wp\/v2\/posts\/58713","targetHints":{"allow":["GET"]}}],"collection":[{"href":"https:\/\/defrentealaverdad.com\/index.php\/wp-json\/wp\/v2\/posts"}],"about":[{"href":"https:\/\/defrentealaverdad.com\/index.php\/wp-json\/wp\/v2\/types\/post"}],"author":[{"embeddable":true,"href":"https:\/\/defrentealaverdad.com\/index.php\/wp-json\/wp\/v2\/users\/4"}],"replies":[{"embeddable":true,"href":"https:\/\/defrentealaverdad.com\/index.php\/wp-json\/wp\/v2\/comments?post=58713"}],"version-history":[{"count":1,"href":"https:\/\/defrentealaverdad.com\/index.php\/wp-json\/wp\/v2\/posts\/58713\/revisions"}],"predecessor-version":[{"id":58715,"href":"https:\/\/defrentealaverdad.com\/index.php\/wp-json\/wp\/v2\/posts\/58713\/revisions\/58715"}],"wp:featuredmedia":[{"embeddable":true,"href":"https:\/\/defrentealaverdad.com\/index.php\/wp-json\/wp\/v2\/media\/58714"}],"wp:attachment":[{"href":"https:\/\/defrentealaverdad.com\/index.php\/wp-json\/wp\/v2\/media?parent=58713"}],"wp:term":[{"taxonomy":"category","embeddable":true,"href":"https:\/\/defrentealaverdad.com\/index.php\/wp-json\/wp\/v2\/categories?post=58713"},{"taxonomy":"post_tag","embeddable":true,"href":"https:\/\/defrentealaverdad.com\/index.php\/wp-json\/wp\/v2\/tags?post=58713"}],"curies":[{"name":"wp","href":"https:\/\/api.w.org\/{rel}","templated":true}]}}