{"id":5871,"date":"2023-07-14T03:40:37","date_gmt":"2023-07-14T03:40:37","guid":{"rendered":"https:\/\/defrentealaverdad.com\/?p=5871"},"modified":"2023-07-14T03:40:53","modified_gmt":"2023-07-14T03:40:53","slug":"5871","status":"publish","type":"post","link":"https:\/\/defrentealaverdad.com\/index.php\/2023\/07\/14\/5871\/","title":{"rendered":"Ej\u00e9rcito recibe motocicletas y equipos de comunicaci\u00f3n por parte del Sistema 9-1-1"},"content":{"rendered":"<p>Por F\u00e9lix Rubio<\/p>\n<p style=\"padding-left: 40px;\"><img decoding=\"async\" class=\"size-medium wp-image-5872 aligncenter lazyload\" data-src=\"https:\/\/defrentealaverdad.com\/wp-content\/uploads\/2023\/07\/IMG-20230713-WA0138-300x200.jpg\" alt=\"\" width=\"300\" height=\"200\" data-srcset=\"https:\/\/defrentealaverdad.com\/wp-content\/uploads\/2023\/07\/IMG-20230713-WA0138-300x200.jpg 300w, https:\/\/defrentealaverdad.com\/wp-content\/uploads\/2023\/07\/IMG-20230713-WA0138-768x511.jpg 768w, https:\/\/defrentealaverdad.com\/wp-content\/uploads\/2023\/07\/IMG-20230713-WA0138.jpg 1000w\" data-sizes=\"(max-width: 300px) 100vw, 300px\" src=\"data:image\/svg+xml;base64,PHN2ZyB3aWR0aD0iMSIgaGVpZ2h0PSIxIiB4bWxucz0iaHR0cDovL3d3dy53My5vcmcvMjAwMC9zdmciPjwvc3ZnPg==\" style=\"--smush-placeholder-width: 300px; --smush-placeholder-aspect-ratio: 300\/200;\" \/><\/p>\n<p style=\"text-align: justify;\">El Ej\u00e9rcito de Rep\u00fablica Dominicana recibi\u00f3 el importante aporte de 50 motocicletas todo terreno y 200 radios de comunicaci\u00f3n por parte del Sistema Nacional de Atenci\u00f3n a Emergencias y Seguridad 9-1-1.<\/p>\n<p style=\"text-align: justify;\">El Sr. Joel Santos Echavarr\u00eda, Ministro de la Presidencia, acompa\u00f1ado del Cor. Piloto Rijo G\u00f3mez, ERD., Director Ejecutivo del Sistema 9-1-1, fueron recibidos en el Despacho del Mayor General Fern\u00e1ndez Onofre, Comandante General del Ej\u00e9rcito, quienes luego procedieron a realizar la entrega, como parte del compromiso del superior gobierno que contempla la seguridad ciudadana como una prioridad. Tan pronto culmin\u00f3 el recibimiento, realizaron un recorrido por las instalaciones del Campamento Militar 16 de Agosto.<\/p>\n<blockquote>\n<p style=\"padding-left: 40px;\"><img decoding=\"async\" class=\"size-medium wp-image-5873 aligncenter lazyload\" data-src=\"https:\/\/defrentealaverdad.com\/wp-content\/uploads\/2023\/07\/IMG-20230713-WA0145-300x200.jpg\" alt=\"\" width=\"300\" height=\"200\" data-srcset=\"https:\/\/defrentealaverdad.com\/wp-content\/uploads\/2023\/07\/IMG-20230713-WA0145-300x200.jpg 300w, https:\/\/defrentealaverdad.com\/wp-content\/uploads\/2023\/07\/IMG-20230713-WA0145-768x511.jpg 768w, https:\/\/defrentealaverdad.com\/wp-content\/uploads\/2023\/07\/IMG-20230713-WA0145.jpg 1000w\" data-sizes=\"(max-width: 300px) 100vw, 300px\" src=\"data:image\/svg+xml;base64,PHN2ZyB3aWR0aD0iMSIgaGVpZ2h0PSIxIiB4bWxucz0iaHR0cDovL3d3dy53My5vcmcvMjAwMC9zdmciPjwvc3ZnPg==\" style=\"--smush-placeholder-width: 300px; --smush-placeholder-aspect-ratio: 300\/200;\" \/><\/p>\n<\/blockquote>\n<p style=\"text-align: justify;\">El Comandante General agradeci\u00f3 el aporte y emiti\u00f3 las siguientes palabras: \u201cEstas motocicletas ser\u00e1n incorporadas a las labores de patrullaje que realiza la instituci\u00f3n en todo el territorio nacional, principalmente en la zona fronteriza. En tanto, los equipos de comunicaci\u00f3n, pasar\u00e1n a reforzar el sistema existente, de manera significativa, ya que realizan una transmisi\u00f3n de voz y datos encriptada de forma segura. Adem\u00e1s, ser\u00e1n de gran utilidad para los pelotones destinados a combatir los incendios forestales, mejorando la interoperatividad con el Sistema 9-1-1 y las dem\u00e1s instituciones y agencias del estado que se encargan de garantizar el bienestar y la seguridad de los ciudadanos\u201d.<\/p>\n<p>Fuente: Prensa E<\/p>\n","protected":false},"excerpt":{"rendered":"<p>Por F\u00e9lix Rubio El Ej\u00e9rcito de Rep\u00fablica Dominicana recibi\u00f3 el importante aporte de 50 motocicletas<\/p>\n","protected":false},"author":1,"featured_media":0,"comment_status":"open","ping_status":"open","sticky":false,"template":"","format":"standard","meta":{"footnotes":""},"categories":[7],"tags":[],"class_list":["post-5871","post","type-post","status-publish","format-standard","hentry","category-nacionales"],"_links":{"self":[{"href":"https:\/\/defrentealaverdad.com\/index.php\/wp-json\/wp\/v2\/posts\/5871","targetHints":{"allow":["GET"]}}],"collection":[{"href":"https:\/\/defrentealaverdad.com\/index.php\/wp-json\/wp\/v2\/posts"}],"about":[{"href":"https:\/\/defrentealaverdad.com\/index.php\/wp-json\/wp\/v2\/types\/post"}],"author":[{"embeddable":true,"href":"https:\/\/defrentealaverdad.com\/index.php\/wp-json\/wp\/v2\/users\/1"}],"replies":[{"embeddable":true,"href":"https:\/\/defrentealaverdad.com\/index.php\/wp-json\/wp\/v2\/comments?post=5871"}],"version-history":[{"count":2,"href":"https:\/\/defrentealaverdad.com\/index.php\/wp-json\/wp\/v2\/posts\/5871\/revisions"}],"predecessor-version":[{"id":5875,"href":"https:\/\/defrentealaverdad.com\/index.php\/wp-json\/wp\/v2\/posts\/5871\/revisions\/5875"}],"wp:attachment":[{"href":"https:\/\/defrentealaverdad.com\/index.php\/wp-json\/wp\/v2\/media?parent=5871"}],"wp:term":[{"taxonomy":"category","embeddable":true,"href":"https:\/\/defrentealaverdad.com\/index.php\/wp-json\/wp\/v2\/categories?post=5871"},{"taxonomy":"post_tag","embeddable":true,"href":"https:\/\/defrentealaverdad.com\/index.php\/wp-json\/wp\/v2\/tags?post=5871"}],"curies":[{"name":"wp","href":"https:\/\/api.w.org\/{rel}","templated":true}]}}