{"id":58688,"date":"2026-04-29T12:28:54","date_gmt":"2026-04-29T12:28:54","guid":{"rendered":"https:\/\/defrentealaverdad.com\/?p=58688"},"modified":"2026-04-29T17:30:40","modified_gmt":"2026-04-29T17:30:40","slug":"jesus-jimenez-reconocidos-repite-en-el-top-25-de-los-comunicadores-mas-influyentes-de-rd","status":"publish","type":"post","link":"https:\/\/defrentealaverdad.com\/index.php\/2026\/04\/29\/jesus-jimenez-reconocidos-repite-en-el-top-25-de-los-comunicadores-mas-influyentes-de-rd\/","title":{"rendered":"Jes\u00fas Jim\u00e9nez (Reconocidos) repite en el top 25 de los comunicadores m\u00e1s influyentes de RD"},"content":{"rendered":"<p style=\"text-align: justify;\">El creador de contenido y fundador de la plataforma digital Reconocidos, Jes\u00fas Jim\u00e9nez, vuelve a posicionarse dentro del top 25 de los comunicadores m\u00e1s influyentes de la Rep\u00fablica Dominicana, seg\u00fan el m\u00e1s reciente ranking publicado por la Fundaci\u00f3n del C\u00edrculo de Medios Digitales y Redes Sociales.<\/p>\n<p style=\"text-align: justify;\">En esta nueva edici\u00f3n, Jim\u00e9nez figura en la posici\u00f3n 21, consolidando su presencia entre las voces con mayor impacto dentro del ecosistema medi\u00e1tico nacional. M\u00e1s que un ascenso puntual, su permanencia en este grupo refleja la consistencia de una propuesta que ha sabido mantenerse relevante en el tiempo.<\/p>\n<p style=\"text-align: justify;\">A diferencia de otros nombres del listado, Jes\u00fas Jim\u00e9nez se caracteriza por un perfil bajo, alejado del protagonismo constante en c\u00e1maras o debates. Su influencia se construye desde la plataforma Reconocidos, un espacio digital enfocado en contenido de entretenimiento, cultura y actualidad, que ha logrado conectar con una audiencia amplia y activa en redes sociales.<\/p>\n<p style=\"text-align: justify;\">El ranking, elaborado por FUCIMDRES, se basa en votaciones realizadas a trav\u00e9s de plataformas digitales como Instagram y Facebook, midiendo principalmente percepci\u00f3n de influencia, alcance e impacto en la conversaci\u00f3n p\u00fablica. En ese contexto, la presencia de Jim\u00e9nez dentro del top 25 evidencia c\u00f3mo proyectos digitales bien estructurados pueden competir directamente con figuras tradicionales de radio y televisi\u00f3n.<\/p>\n<p style=\"text-align: justify;\">Ya en abril de 2025, Jim\u00e9nez hab\u00eda sido incluido dentro de este mismo grupo de los 25 m\u00e1s influyentes, lo que refuerza una tendencia clara: su impacto no es moment\u00e1neo, sino sostenido. La evoluci\u00f3n de Reconocidos como marca digital ha sido clave en ese posicionamiento.<\/p>\n<p style=\"text-align: justify;\">Su caso confirma una realidad cada vez m\u00e1s evidente en la comunicaci\u00f3n dominicana: la influencia no siempre est\u00e1 ligada a la exposici\u00f3n personal, sino a la capacidad de crear plataformas que generen alcance, conversaci\u00f3n y fidelidad en la audiencia.<\/p>\n<p style=\"text-align: justify;\">Con esta nueva aparici\u00f3n en el top 25, Jes\u00fas Jim\u00e9nez demuestra su peso de los proyectos digitales independientes dentro del mapa medi\u00e1tico de la Rep\u00fablica Dominicana, consolid\u00e1ndose como una figura de influencia construida m\u00e1s desde la estrategia que desde la sobreexposici\u00f3n.<\/p>\n<p>Fuente: FUCIMDRES<\/p>\n","protected":false},"excerpt":{"rendered":"<p>El creador de contenido y fundador de la plataforma digital Reconocidos, Jes\u00fas Jim\u00e9nez, vuelve a<\/p>\n","protected":false},"author":1,"featured_media":58689,"comment_status":"open","ping_status":"open","sticky":false,"template":"","format":"standard","meta":{"footnotes":""},"categories":[255],"tags":[],"class_list":["post-58688","post","type-post","status-publish","format-standard","has-post-thumbnail","hentry","category-comunicacion"],"_links":{"self":[{"href":"https:\/\/defrentealaverdad.com\/index.php\/wp-json\/wp\/v2\/posts\/58688","targetHints":{"allow":["GET"]}}],"collection":[{"href":"https:\/\/defrentealaverdad.com\/index.php\/wp-json\/wp\/v2\/posts"}],"about":[{"href":"https:\/\/defrentealaverdad.com\/index.php\/wp-json\/wp\/v2\/types\/post"}],"author":[{"embeddable":true,"href":"https:\/\/defrentealaverdad.com\/index.php\/wp-json\/wp\/v2\/users\/1"}],"replies":[{"embeddable":true,"href":"https:\/\/defrentealaverdad.com\/index.php\/wp-json\/wp\/v2\/comments?post=58688"}],"version-history":[{"count":1,"href":"https:\/\/defrentealaverdad.com\/index.php\/wp-json\/wp\/v2\/posts\/58688\/revisions"}],"predecessor-version":[{"id":58690,"href":"https:\/\/defrentealaverdad.com\/index.php\/wp-json\/wp\/v2\/posts\/58688\/revisions\/58690"}],"wp:featuredmedia":[{"embeddable":true,"href":"https:\/\/defrentealaverdad.com\/index.php\/wp-json\/wp\/v2\/media\/58689"}],"wp:attachment":[{"href":"https:\/\/defrentealaverdad.com\/index.php\/wp-json\/wp\/v2\/media?parent=58688"}],"wp:term":[{"taxonomy":"category","embeddable":true,"href":"https:\/\/defrentealaverdad.com\/index.php\/wp-json\/wp\/v2\/categories?post=58688"},{"taxonomy":"post_tag","embeddable":true,"href":"https:\/\/defrentealaverdad.com\/index.php\/wp-json\/wp\/v2\/tags?post=58688"}],"curies":[{"name":"wp","href":"https:\/\/api.w.org\/{rel}","templated":true}]}}