{"id":58681,"date":"2026-04-29T16:29:00","date_gmt":"2026-04-29T16:29:00","guid":{"rendered":"https:\/\/defrentealaverdad.com\/?p=58681"},"modified":"2026-04-29T16:30:27","modified_gmt":"2026-04-29T16:30:27","slug":"cesar-iglesias-reafirma-su-liderazgo-en-consumo-masivo-en-el-caribe","status":"publish","type":"post","link":"https:\/\/defrentealaverdad.com\/index.php\/2026\/04\/29\/cesar-iglesias-reafirma-su-liderazgo-en-consumo-masivo-en-el-caribe\/","title":{"rendered":"C\u00e9sar Iglesias reafirma su liderazgo en consumo masivo en el Caribe"},"content":{"rendered":"<blockquote>\n<div style=\"text-align: center;\">\n<p>Este logro obedece a su s\u00f3lida ejecuci\u00f3n y al desarrollo del mayor programa de inversi\u00f3n de su historia, lo cual le ha permitido consolidar su posici\u00f3n como el principal fabricante y distribuidor de productos de consumo masivo en Rep\u00fablica Dominicana y fortalecer su expansi\u00f3n regional.<\/p>\n<\/div>\n<\/blockquote>\n<div style=\"text-align: justify;\">\n<p><b>Santo Domingo.\u00a0 <\/b>Durante su Asamblea General Ordinaria de Accionistas, C\u00e9sar Iglesias present\u00f3 resultados que reflejan, tanto los desaf\u00edos del entorno, como la efectividad de su ejecuci\u00f3n operativa, reafirmando su liderazgo en consumo masivo en el Caribe.<\/p>\n<\/div>\n<div style=\"text-align: justify;\">Este logro obedece a su s\u00f3lida ejecuci\u00f3n y al desarrollo del mayor programa de inversi\u00f3n de su historia, lo cual le ha permitido consolidar su posici\u00f3n como el principal fabricante y distribuidor de productos de consumo masivo en Rep\u00fablica Dominicana y fortalecer su expansi\u00f3n regional.<\/div>\n<div style=\"text-align: justify;\"><\/div>\n<div style=\"text-align: justify;\">En un contexto de desaceleraci\u00f3n del consumo, presi\u00f3n sobre m\u00e1rgenes y mayor competencia, C\u00e9sar Iglesias ha optado por una estrategia clara: sacrificar retornos de corto plazo para fortalecer su posicionamiento estructural y capturar el pr\u00f3ximo ciclo de crecimiento.<\/div>\n<div style=\"text-align: justify;\">\n<p>Los resultados presentados durante la Asamblea, arrojan que, en el a\u00f1o 2025, registr\u00f3 ingresos por RD$22,877 millones, una utilidad bruta de RD$6,004 millones y un resultado operacional de RD$1,318 millones, con una recuperaci\u00f3n marcada en la segunda mitad del a\u00f1o.<\/p>\n<\/div>\n<div style=\"text-align: justify;\">\n<p>M\u00e1s all\u00e1 de los resultados, el elemento central de la estrategia fue la asignaci\u00f3n de capital. La empresa ejecut\u00f3 aproximadamente RD$1,600 millones en inversiones de capital en 2025, el nivel m\u00e1s alto en su historia, dirigido a expandir capacidades productivas, fortalecer su infraestructura log\u00edstica y mejorar su modelo de servicio al cliente.<\/p>\n<\/div>\n<div style=\"text-align: justify;\">\n<p>Esta decisi\u00f3n vino acompa\u00f1ada de una medida igualmente significativa: no distribuir dividendos, privilegiando la culminaci\u00f3n de proyectos estrat\u00e9gicos y la preservaci\u00f3n de flexibilidad financiera.<\/p>\n<\/div>\n<div style=\"text-align: justify;\">\n<p>Para analistas, esta combinaci\u00f3n refleja un enfoque disciplinado y de largo plazo poco com\u00fan en mercados donde muchas compa\u00f1\u00edas priorizan retornos inmediatos sobre reinversi\u00f3n.<\/p>\n<\/div>\n<div style=\"text-align: justify;\">\n<p><b>Ejecuci\u00f3n en ciclo adverso\u00a0<\/b><\/p>\n<\/div>\n<div style=\"text-align: justify;\">El desempe\u00f1o del a\u00f1o estuvo marcado por dos etapas. Un primer semestre presionado por costos, competencia y gasto financiero, seguido de una recuperaci\u00f3n operativa impulsada por:<\/div>\n<div style=\"text-align: justify;\"><\/div>\n<div style=\"text-align: justify;\">\u2022 Optimizaci\u00f3n del portafolio<\/div>\n<div style=\"text-align: justify;\">\u2022 Mayor disciplina en gastos<\/div>\n<div style=\"text-align: justify;\">\n<p>\u2022 Mejora en eficiencia operativa<\/p>\n<\/div>\n<div style=\"text-align: justify;\">\n<p>Seg\u00fan los datos suministrados durante la Asamblea de Accionistas, esto permiti\u00f3 estabilizar m\u00e1rgenes en niveles cercanos a m\u00e1ximos hist\u00f3ricos y recuperar el resultado operacional en la segunda mitad del a\u00f1o. En paralelo, la empresa logr\u00f3 reducir su deuda en m\u00e1s de RD$850 millones durante el segundo semestre, cerrando el a\u00f1o con una posici\u00f3n financiera m\u00e1s equilibrada.<\/p>\n<\/div>\n<div style=\"text-align: justify;\"><b>Construyendo escala para competir<\/b><\/div>\n<div style=\"text-align: justify;\">El programa de inversiones en curso apunta a transformar la capacidad competitiva de la empresa en tres dimensiones clave:<\/div>\n<div style=\"text-align: justify;\">\u2022 Escala productiva, en categor\u00edas estrat\u00e9gicas de mayor margen<\/div>\n<div style=\"text-align: justify;\">\u2022 Capacidad log\u00edstica, con expansi\u00f3n de su principal centro de distribuci\u00f3n<\/div>\n<div style=\"text-align: justify;\">\n<p>\u2022 Eficiencia operativa, v\u00eda integraci\u00f3n y modernizaci\u00f3n de procesos<\/p>\n<\/div>\n<div style=\"text-align: justify;\">\n<p>Para 2026, el foco estar\u00e1 en convertir esa inversi\u00f3n en capacidad operativa y capturar eficiencias, sin expandir de manera desproporcionada la base de costos.<\/p>\n<\/div>\n<div style=\"text-align: justify;\">\n<p><b>Se\u00f1ales tempranas de ejecuci\u00f3n\u00a0<\/b><\/p>\n<\/div>\n<div style=\"text-align: justify;\">Los resultados del primer trimestre de 2026 apuntan a una validaci\u00f3n inicial de la estrategia:<\/div>\n<div style=\"text-align: justify;\">\u2022 R\u00e9cord en ventas netas diarias<\/div>\n<div style=\"text-align: justify;\">\u2022 M\u00e1rgenes sostenidos en niveles elevados<\/div>\n<div style=\"text-align: justify;\">\u2022 Mejora en resultado operacional<\/div>\n<div style=\"text-align: justify;\">\n<p>\u2022 Continuaci\u00f3n en la reducci\u00f3n de deuda<\/p>\n<\/div>\n<div style=\"text-align: justify;\">Aun as\u00ed, la compa\u00f1\u00eda reconoce que persisten riesgos asociados a volatilidad cambiaria, costos financieros y precios de materias primas.<\/div>\n<div><\/div>\n<div style=\"text-align: justify;\">\n<p><b>Liderazgo a trav\u00e9s de reinversi\u00f3n\u00a0<\/b><\/p>\n<\/div>\n<div style=\"text-align: justify;\">\n<p>En lugar de responder al ciclo con retracci\u00f3n, C\u00e9sar Iglesias ha optado por profundizar su inversi\u00f3n, reforzar su estructura y posicionarse para capturar crecimiento futuro. La realidad de esto la muestran sus proyectos: Expansi\u00f3n Molinos de Papel, Expansi\u00f3n Refiner\u00eda de Aceite, Expansi\u00f3n F\u00e1brica de Jab\u00f3n, y Ampliaci\u00f3n del Centro de Distribuci\u00f3n.<\/p>\n<\/div>\n<div style=\"text-align: justify;\">La tesis es clara: en un mercado de consumo masivo cada vez m\u00e1s competitivo, el liderazgo no se sostiene s\u00f3lo con participaci\u00f3n de mercado, sino con escala, eficiencia y capacidad de ejecuci\u00f3n.<\/div>\n<div style=\"text-align: justify;\">Con m\u00e1s de un siglo de trayectoria, la empresa reafirma su rol como uno de los principales actores industriales de Rep\u00fablica Dominicana y avanza en consolidarse como un competidor relevante a nivel regional.<\/div>\n<div style=\"text-align: justify;\"><b>Sobre C\u00e9sar Iglesias<\/b><\/div>\n<div style=\"text-align: justify;\"><i>C\u00e9sar Iglesias es uno de los principales fabricantes y distribuidores de productos de consumo masivo en Rep\u00fablica Dominicana, con un portafolio diversificado de marcas l\u00edderes y una extensa red de distribuci\u00f3n en el pa\u00eds y el Caribe.<\/i><\/div>\n<div><\/div>\n<div>Fuente: De paseo RD<\/div>\n","protected":false},"excerpt":{"rendered":"<p>Este logro obedece a su s\u00f3lida ejecuci\u00f3n y al desarrollo del mayor programa de inversi\u00f3n<\/p>\n","protected":false},"author":1,"featured_media":58682,"comment_status":"open","ping_status":"open","sticky":false,"template":"","format":"standard","meta":{"footnotes":""},"categories":[7],"tags":[],"class_list":["post-58681","post","type-post","status-publish","format-standard","has-post-thumbnail","hentry","category-nacionales"],"_links":{"self":[{"href":"https:\/\/defrentealaverdad.com\/index.php\/wp-json\/wp\/v2\/posts\/58681","targetHints":{"allow":["GET"]}}],"collection":[{"href":"https:\/\/defrentealaverdad.com\/index.php\/wp-json\/wp\/v2\/posts"}],"about":[{"href":"https:\/\/defrentealaverdad.com\/index.php\/wp-json\/wp\/v2\/types\/post"}],"author":[{"embeddable":true,"href":"https:\/\/defrentealaverdad.com\/index.php\/wp-json\/wp\/v2\/users\/1"}],"replies":[{"embeddable":true,"href":"https:\/\/defrentealaverdad.com\/index.php\/wp-json\/wp\/v2\/comments?post=58681"}],"version-history":[{"count":2,"href":"https:\/\/defrentealaverdad.com\/index.php\/wp-json\/wp\/v2\/posts\/58681\/revisions"}],"predecessor-version":[{"id":58684,"href":"https:\/\/defrentealaverdad.com\/index.php\/wp-json\/wp\/v2\/posts\/58681\/revisions\/58684"}],"wp:featuredmedia":[{"embeddable":true,"href":"https:\/\/defrentealaverdad.com\/index.php\/wp-json\/wp\/v2\/media\/58682"}],"wp:attachment":[{"href":"https:\/\/defrentealaverdad.com\/index.php\/wp-json\/wp\/v2\/media?parent=58681"}],"wp:term":[{"taxonomy":"category","embeddable":true,"href":"https:\/\/defrentealaverdad.com\/index.php\/wp-json\/wp\/v2\/categories?post=58681"},{"taxonomy":"post_tag","embeddable":true,"href":"https:\/\/defrentealaverdad.com\/index.php\/wp-json\/wp\/v2\/tags?post=58681"}],"curies":[{"name":"wp","href":"https:\/\/api.w.org\/{rel}","templated":true}]}}