{"id":58675,"date":"2026-04-29T10:22:11","date_gmt":"2026-04-29T10:22:11","guid":{"rendered":"https:\/\/defrentealaverdad.com\/?p=58675"},"modified":"2026-04-29T16:25:12","modified_gmt":"2026-04-29T16:25:12","slug":"dgm-obtiene-mayor-puntuacion-en-servicios-al-ciudadano-del-indice-iticgei-2025-por-modernizacion-de-procesos","status":"publish","type":"post","link":"https:\/\/defrentealaverdad.com\/index.php\/2026\/04\/29\/dgm-obtiene-mayor-puntuacion-en-servicios-al-ciudadano-del-indice-iticgei-2025-por-modernizacion-de-procesos\/","title":{"rendered":"DGM obtiene mayor puntuaci\u00f3n en servicios al ciudadano del \u00edndice iTICge+i 2025 por modernizaci\u00f3n de procesos"},"content":{"rendered":"<p style=\"text-align: justify;\">SANTO DOMINGO.\u2013 La Direcci\u00f3n General de Migraci\u00f3n (DGM) avanza de forma sostenida en la modernizaci\u00f3n de sus servicios, mediante la incorporaci\u00f3n de tecnolog\u00eda y la optimizaci\u00f3n de procesos institucionales, con el prop\u00f3sito de responder con mayor eficiencia a las necesidades de los ciudadanos y garantizar una gesti\u00f3n migratoria m\u00e1s \u00e1gil y transparente.<\/p>\n<p style=\"text-align: justify;\">Como resultado de estas transformaciones, la instituci\u00f3n obtuvo la mayor puntuaci\u00f3n en la categor\u00eda de servicios al ciudadano del \u00edndice iTICge+i 2025, medici\u00f3n que eval\u00faa el uso de las tecnolog\u00edas de la informaci\u00f3n, gobierno electr\u00f3nico e innovaci\u00f3n en el sector p\u00fablico dominicano. Este logro posiciona a la DGM como referente en la prestaci\u00f3n de servicios p\u00fablicos digitales a nivel nacional.<\/p>\n<p style=\"text-align: justify;\">La puntuaci\u00f3n alcanzada responde a la implementaci\u00f3n de herramientas digitales que facilitan los tr\u00e1mites migratorios, a las mejoras continuas en los protocolos de atenci\u00f3n al usuario y al fortalecimiento de la gesti\u00f3n institucional a trav\u00e9s de sistemas integrados de informaci\u00f3n. Estas acciones han permitido elevar los est\u00e1ndares de calidad en cada punto de contacto con el ciudadano.<\/p>\n<p style=\"text-align: justify;\">Este reconocimiento refleja el impacto de una gesti\u00f3n orientada a facilitar el acceso a los servicios, reducir tiempos de respuesta y optimizar la experiencia del usuario en todas las dependencias de la instituci\u00f3n. La modernizaci\u00f3n ha sido asumida como un eje estrat\u00e9gico para garantizar derechos y cumplir con el mandato de la Ley General de Migraci\u00f3n.<\/p>\n<p style=\"text-align: justify;\">La Direcci\u00f3n General de Migraci\u00f3n reafirma su compromiso con la mejora continua, la innovaci\u00f3n p\u00fablica y el gobierno digital, manteniendo como prioridad la eficiencia, la transparencia y la calidad en el servicio que ofrece a la poblaci\u00f3n nacional y extranjera en la Rep\u00fablica Dominicana.<\/p>\n<p style=\"text-align: justify;\">Fuente: Dir. Com. DGM<\/p>\n","protected":false},"excerpt":{"rendered":"<p>SANTO DOMINGO.\u2013 La Direcci\u00f3n General de Migraci\u00f3n (DGM) avanza de forma sostenida en la modernizaci\u00f3n<\/p>\n","protected":false},"author":1,"featured_media":58678,"comment_status":"open","ping_status":"open","sticky":false,"template":"","format":"standard","meta":{"footnotes":""},"categories":[7],"tags":[],"class_list":["post-58675","post","type-post","status-publish","format-standard","has-post-thumbnail","hentry","category-nacionales"],"_links":{"self":[{"href":"https:\/\/defrentealaverdad.com\/index.php\/wp-json\/wp\/v2\/posts\/58675","targetHints":{"allow":["GET"]}}],"collection":[{"href":"https:\/\/defrentealaverdad.com\/index.php\/wp-json\/wp\/v2\/posts"}],"about":[{"href":"https:\/\/defrentealaverdad.com\/index.php\/wp-json\/wp\/v2\/types\/post"}],"author":[{"embeddable":true,"href":"https:\/\/defrentealaverdad.com\/index.php\/wp-json\/wp\/v2\/users\/1"}],"replies":[{"embeddable":true,"href":"https:\/\/defrentealaverdad.com\/index.php\/wp-json\/wp\/v2\/comments?post=58675"}],"version-history":[{"count":3,"href":"https:\/\/defrentealaverdad.com\/index.php\/wp-json\/wp\/v2\/posts\/58675\/revisions"}],"predecessor-version":[{"id":58679,"href":"https:\/\/defrentealaverdad.com\/index.php\/wp-json\/wp\/v2\/posts\/58675\/revisions\/58679"}],"wp:featuredmedia":[{"embeddable":true,"href":"https:\/\/defrentealaverdad.com\/index.php\/wp-json\/wp\/v2\/media\/58678"}],"wp:attachment":[{"href":"https:\/\/defrentealaverdad.com\/index.php\/wp-json\/wp\/v2\/media?parent=58675"}],"wp:term":[{"taxonomy":"category","embeddable":true,"href":"https:\/\/defrentealaverdad.com\/index.php\/wp-json\/wp\/v2\/categories?post=58675"},{"taxonomy":"post_tag","embeddable":true,"href":"https:\/\/defrentealaverdad.com\/index.php\/wp-json\/wp\/v2\/tags?post=58675"}],"curies":[{"name":"wp","href":"https:\/\/api.w.org\/{rel}","templated":true}]}}