{"id":58672,"date":"2026-04-29T10:06:31","date_gmt":"2026-04-29T10:06:31","guid":{"rendered":"https:\/\/defrentealaverdad.com\/?p=58672"},"modified":"2026-04-29T14:34:42","modified_gmt":"2026-04-29T14:34:42","slug":"republica-dominicana-conmemora-el-dia-nacional-de-la-etica-ciudadana-en-honor-a-ulises-francisco-espaillat","status":"publish","type":"post","link":"https:\/\/defrentealaverdad.com\/index.php\/2026\/04\/29\/republica-dominicana-conmemora-el-dia-nacional-de-la-etica-ciudadana-en-honor-a-ulises-francisco-espaillat\/","title":{"rendered":"Rep\u00fablica Dominicana conmemora el D\u00eda Nacional de la \u00c9tica Ciudadana en honor a Ulises Francisco Espaillat"},"content":{"rendered":"<p style=\"text-align: justify;\" data-start=\"112\" data-end=\"386\"><em data-start=\"112\" data-end=\"132\">Santo Domingo, RD.<\/em>\u2013 La Rep\u00fablica Dominicana conmemora hoy el D\u00eda Nacional de la \u00c9tica Ciudadana, una fecha dedicada a honrar la memoria de Ulises Francisco Espaillat, reconocido como un referente de integridad, honestidad y compromiso con el bien com\u00fan en la vida p\u00fablica.<\/p>\n<p style=\"text-align: justify;\" data-start=\"388\" data-end=\"671\">El legado de Espaillat contin\u00faa siendo una gu\u00eda para el fortalecimiento de una cultura basada en principios \u00e9ticos, transparencia y responsabilidad en el ejercicio de la funci\u00f3n p\u00fablica, valores considerados fundamentales para la construcci\u00f3n de una sociedad m\u00e1s justa y democr\u00e1tica.<\/p>\n<p style=\"text-align: justify;\" data-start=\"673\" data-end=\"1094\">En este 2026, la Direcci\u00f3n General de \u00c9tica e Integridad Gubernamental (DIGEIG) reafirma su compromiso con estos ideales mediante la celebraci\u00f3n de la Semana de la \u00c9tica. Esta iniciativa contempla un amplio programa de actividades desarrolladas en conjunto con instituciones p\u00fablicas, el sector educativo y organizaciones de la sociedad civil, con el objetivo de promover la integridad como pilar del desarrollo nacional.<\/p>\n<p style=\"text-align: justify;\" data-start=\"1096\" data-end=\"1331\">Desde la DIGEIG se destaca que, m\u00e1s all\u00e1 de la conmemoraci\u00f3n, el llamado es a asumir la \u00e9tica como una pr\u00e1ctica cotidiana que oriente la toma de decisiones y contribuya al fortalecimiento de la confianza ciudadana en las instituciones.<\/p>\n<blockquote>\n<p style=\"text-align: center;\" data-start=\"1333\" data-end=\"1491\" data-is-last-node=\"\" data-is-only-node=\"\">\u201cEl desarrollo est\u00e1 en la integridad\u201d, es el mensaje que acompa\u00f1a esta jornada, resaltando la importancia de consolidar una gesti\u00f3n p\u00fablica basada en valores.<\/p>\n<\/blockquote>\n","protected":false},"excerpt":{"rendered":"<p>Santo Domingo, RD.\u2013 La Rep\u00fablica Dominicana conmemora hoy el D\u00eda Nacional de la \u00c9tica Ciudadana,<\/p>\n","protected":false},"author":4,"featured_media":58674,"comment_status":"open","ping_status":"open","sticky":false,"template":"","format":"standard","meta":{"footnotes":""},"categories":[7],"tags":[],"class_list":["post-58672","post","type-post","status-publish","format-standard","has-post-thumbnail","hentry","category-nacionales"],"_links":{"self":[{"href":"https:\/\/defrentealaverdad.com\/index.php\/wp-json\/wp\/v2\/posts\/58672","targetHints":{"allow":["GET"]}}],"collection":[{"href":"https:\/\/defrentealaverdad.com\/index.php\/wp-json\/wp\/v2\/posts"}],"about":[{"href":"https:\/\/defrentealaverdad.com\/index.php\/wp-json\/wp\/v2\/types\/post"}],"author":[{"embeddable":true,"href":"https:\/\/defrentealaverdad.com\/index.php\/wp-json\/wp\/v2\/users\/4"}],"replies":[{"embeddable":true,"href":"https:\/\/defrentealaverdad.com\/index.php\/wp-json\/wp\/v2\/comments?post=58672"}],"version-history":[{"count":1,"href":"https:\/\/defrentealaverdad.com\/index.php\/wp-json\/wp\/v2\/posts\/58672\/revisions"}],"predecessor-version":[{"id":58673,"href":"https:\/\/defrentealaverdad.com\/index.php\/wp-json\/wp\/v2\/posts\/58672\/revisions\/58673"}],"wp:featuredmedia":[{"embeddable":true,"href":"https:\/\/defrentealaverdad.com\/index.php\/wp-json\/wp\/v2\/media\/58674"}],"wp:attachment":[{"href":"https:\/\/defrentealaverdad.com\/index.php\/wp-json\/wp\/v2\/media?parent=58672"}],"wp:term":[{"taxonomy":"category","embeddable":true,"href":"https:\/\/defrentealaverdad.com\/index.php\/wp-json\/wp\/v2\/categories?post=58672"},{"taxonomy":"post_tag","embeddable":true,"href":"https:\/\/defrentealaverdad.com\/index.php\/wp-json\/wp\/v2\/tags?post=58672"}],"curies":[{"name":"wp","href":"https:\/\/api.w.org\/{rel}","templated":true}]}}