{"id":5867,"date":"2023-07-14T03:36:34","date_gmt":"2023-07-14T03:36:34","guid":{"rendered":"https:\/\/defrentealaverdad.com\/?p=5867"},"modified":"2023-07-14T03:44:29","modified_gmt":"2023-07-14T03:44:29","slug":"lanzan-libro-marketing-para-conseguir-empleo-en-apec","status":"publish","type":"post","link":"https:\/\/defrentealaverdad.com\/index.php\/2023\/07\/14\/lanzan-libro-marketing-para-conseguir-empleo-en-apec\/","title":{"rendered":"Lanzan libro \u201cMarketing para conseguir empleo\u201d en APEC"},"content":{"rendered":"<p><img decoding=\"async\" class=\"size-medium wp-image-5869 aligncenter lazyload\" data-src=\"https:\/\/defrentealaverdad.com\/wp-content\/uploads\/2023\/07\/WhatsApp-Image-2023-07-13-at-22.24.40-300x169.jpeg\" alt=\"\" width=\"300\" height=\"169\" data-srcset=\"https:\/\/defrentealaverdad.com\/wp-content\/uploads\/2023\/07\/WhatsApp-Image-2023-07-13-at-22.24.40-300x169.jpeg 300w, https:\/\/defrentealaverdad.com\/wp-content\/uploads\/2023\/07\/WhatsApp-Image-2023-07-13-at-22.24.40-1024x576.jpeg 1024w, https:\/\/defrentealaverdad.com\/wp-content\/uploads\/2023\/07\/WhatsApp-Image-2023-07-13-at-22.24.40-768x432.jpeg 768w, https:\/\/defrentealaverdad.com\/wp-content\/uploads\/2023\/07\/WhatsApp-Image-2023-07-13-at-22.24.40-800x450.jpeg 800w, https:\/\/defrentealaverdad.com\/wp-content\/uploads\/2023\/07\/WhatsApp-Image-2023-07-13-at-22.24.40.jpeg 1200w\" data-sizes=\"(max-width: 300px) 100vw, 300px\" src=\"data:image\/svg+xml;base64,PHN2ZyB3aWR0aD0iMSIgaGVpZ2h0PSIxIiB4bWxucz0iaHR0cDovL3d3dy53My5vcmcvMjAwMC9zdmciPjwvc3ZnPg==\" style=\"--smush-placeholder-width: 300px; --smush-placeholder-aspect-ratio: 300\/169;\" \/><\/p>\n<p style=\"text-align: justify;\">Santo Domingo, RD. \u2013El licenciado en mercadeo y catedr\u00e1tico universitario, <strong>Gerson Rivas Mart\u00ednez<\/strong> puso en circulaci\u00f3n su m\u00e1s reciente libro:<em><strong> \u00abMarketing para conseguir empleo\u00bb,<\/strong><\/em> un libro electr\u00f3nico de marketing personal para fomentar estrategias y t\u00e9cnicas para la b\u00fasqueda efectiva de empleo en nuestro pa\u00eds, concebido para mejorar la efectividad de las personas que buscan emplearse.<\/p>\n<p style=\"text-align: justify;\">Su autor, el <strong>Licdo. Rivas<\/strong> expuso que una de las razones para dar vida a este proyecto fue la alta tasa de desempleo que se evidencia en los profesionales de nuestro pa\u00eds, especialmente en los j\u00f3venes.<\/p>\n<p><img decoding=\"async\" class=\"size-medium wp-image-5868 aligncenter lazyload\" data-src=\"https:\/\/defrentealaverdad.com\/wp-content\/uploads\/2023\/07\/WhatsApp-Image-2023-07-13-at-22.24.40-1-300x169.jpeg\" alt=\"\" width=\"300\" height=\"169\" data-srcset=\"https:\/\/defrentealaverdad.com\/wp-content\/uploads\/2023\/07\/WhatsApp-Image-2023-07-13-at-22.24.40-1-300x169.jpeg 300w, https:\/\/defrentealaverdad.com\/wp-content\/uploads\/2023\/07\/WhatsApp-Image-2023-07-13-at-22.24.40-1-1024x576.jpeg 1024w, https:\/\/defrentealaverdad.com\/wp-content\/uploads\/2023\/07\/WhatsApp-Image-2023-07-13-at-22.24.40-1-768x432.jpeg 768w, https:\/\/defrentealaverdad.com\/wp-content\/uploads\/2023\/07\/WhatsApp-Image-2023-07-13-at-22.24.40-1-800x450.jpeg 800w, https:\/\/defrentealaverdad.com\/wp-content\/uploads\/2023\/07\/WhatsApp-Image-2023-07-13-at-22.24.40-1.jpeg 1200w\" data-sizes=\"(max-width: 300px) 100vw, 300px\" src=\"data:image\/svg+xml;base64,PHN2ZyB3aWR0aD0iMSIgaGVpZ2h0PSIxIiB4bWxucz0iaHR0cDovL3d3dy53My5vcmcvMjAwMC9zdmciPjwvc3ZnPg==\" style=\"--smush-placeholder-width: 300px; --smush-placeholder-aspect-ratio: 300\/169;\" \/><\/p>\n<p style=\"text-align: justify;\">Asimismo, Maria Luisa Mont\u00e1s, directora de la Escuela de Mercadeo y Negocio Internacionales de APEC, dijo durante la actividad que el <em>E-book<\/em> (libro electr\u00f3nico) es muy innovador e interactivo, incluye ejercicios e informaci\u00f3n \u00fatil para las personas, especialmente los j\u00f3venes, que quieren insertarse en un mercado laboral cada dia mas competitivo<\/p>\n<p style=\"text-align: justify;\">El encuentro tuvo lugar el 12 de julio de octubre en el Sal\u00f3n de Conferencias del Edificio I de la reconocida <strong>Universidad APEC<\/strong> en el Campus Principal de la Av. M\u00e1ximo G\u00f3mez en Santo Domingo.<\/p>\n<p style=\"text-align: justify;\">El libro est\u00e1 disponible al p\u00fablico a trav\u00e9s de Amazon y pr\u00f3ximamente estar\u00e1 disponible en fisico en las principales librer\u00edas del pa\u00eds tanto en ingl\u00e9s como espa\u00f1ol<\/p>\n<p style=\"text-align: justify;\">Fuente: Equipo de Relaciones P\u00fablica Merka Ideas<\/p>\n","protected":false},"excerpt":{"rendered":"<p>Santo Domingo, RD. \u2013El licenciado en mercadeo y catedr\u00e1tico universitario, Gerson Rivas Mart\u00ednez puso en<\/p>\n","protected":false},"author":4,"featured_media":0,"comment_status":"open","ping_status":"open","sticky":false,"template":"","format":"standard","meta":{"footnotes":""},"categories":[7],"tags":[],"class_list":["post-5867","post","type-post","status-publish","format-standard","hentry","category-nacionales"],"_links":{"self":[{"href":"https:\/\/defrentealaverdad.com\/index.php\/wp-json\/wp\/v2\/posts\/5867","targetHints":{"allow":["GET"]}}],"collection":[{"href":"https:\/\/defrentealaverdad.com\/index.php\/wp-json\/wp\/v2\/posts"}],"about":[{"href":"https:\/\/defrentealaverdad.com\/index.php\/wp-json\/wp\/v2\/types\/post"}],"author":[{"embeddable":true,"href":"https:\/\/defrentealaverdad.com\/index.php\/wp-json\/wp\/v2\/users\/4"}],"replies":[{"embeddable":true,"href":"https:\/\/defrentealaverdad.com\/index.php\/wp-json\/wp\/v2\/comments?post=5867"}],"version-history":[{"count":3,"href":"https:\/\/defrentealaverdad.com\/index.php\/wp-json\/wp\/v2\/posts\/5867\/revisions"}],"predecessor-version":[{"id":5878,"href":"https:\/\/defrentealaverdad.com\/index.php\/wp-json\/wp\/v2\/posts\/5867\/revisions\/5878"}],"wp:attachment":[{"href":"https:\/\/defrentealaverdad.com\/index.php\/wp-json\/wp\/v2\/media?parent=5867"}],"wp:term":[{"taxonomy":"category","embeddable":true,"href":"https:\/\/defrentealaverdad.com\/index.php\/wp-json\/wp\/v2\/categories?post=5867"},{"taxonomy":"post_tag","embeddable":true,"href":"https:\/\/defrentealaverdad.com\/index.php\/wp-json\/wp\/v2\/tags?post=5867"}],"curies":[{"name":"wp","href":"https:\/\/api.w.org\/{rel}","templated":true}]}}