{"id":58667,"date":"2026-04-29T09:31:54","date_gmt":"2026-04-29T09:31:54","guid":{"rendered":"https:\/\/defrentealaverdad.com\/?p=58667"},"modified":"2026-04-29T12:41:29","modified_gmt":"2026-04-29T12:41:29","slug":"septima-entrega-de-los-diamond-voice-awards-consolida-su-impacto-en-la-locucion-nacional","status":"publish","type":"post","link":"https:\/\/defrentealaverdad.com\/index.php\/2026\/04\/29\/septima-entrega-de-los-diamond-voice-awards-consolida-su-impacto-en-la-locucion-nacional\/","title":{"rendered":"S\u00e9ptima entrega de los Diamond Voice Awards consolida su impacto en la locuci\u00f3n nacional"},"content":{"rendered":"<blockquote>\n<p style=\"text-align: center;\">\u00abSiete a\u00f1os elevando y recociendo a los profesionales de la voz en RD\u00bb<\/p>\n<\/blockquote>\n<p style=\"text-align: justify;\"><strong>Santo Domingo. Abril 2026<\/strong> &#8211; La edici\u00f3n 2026 de los Diamond Voice Awards reafirma la trayectoria de esta premiaci\u00f3n, que durante siete a\u00f1os consecutivos ha reconocido la excelencia, el compromiso y el impacto social de los profesionales de la voz en la Rep\u00fablica Dominicana.<\/p>\n<p style=\"text-align: justify;\">Organizados por la Red de Locutores Cristianos Dominicanos (RLCD), los premios se han consolidado como un espacio clave para destacar tanto figuras consagradas como nuevas generaciones de la locuci\u00f3n.<\/p>\n<p style=\"text-align: justify;\">La ceremonia fue celebrada el 18 de abril, D\u00eda Nacional del Locutor, en el Museo de las Telecomunicaciones, reuniendo a destacados comunicadores y talentos emergentes. El m\u00e1ximo galard\u00f3n, el Diamante Supremo, fue otorgado al destacado locutor N\u00e9stor Est\u00e9vez por sus significativos aportes al desarrollo de la locuci\u00f3n nacional.<\/p>\n<p style=\"text-align: justify;\">Entre los momentos m\u00e1s emotivos, se destac\u00f3 la presentaci\u00f3n de un audiovisual de la entrega del reconocimiento realizado en el 2023, como homenaje p\u00f3stumo de la gran dama de la locuci\u00f3n, la reconocida Mar\u00eda Cristina Camilo (Ma\u00edta), figura hist\u00f3rica con m\u00e1s de 70 a\u00f1os en los medios, siendo la primera mujer en hacer locuci\u00f3n masiva en nuestro pa\u00eds y quien muri\u00f3 en 2025. Momento que fue aprovechado por los productores para recordar la importancia de trabajar apegados a la \u00e9tica y la excelencia siguiendo ejemplos como este.<\/p>\n<p style=\"text-align: justify;\">Tambi\u00e9n se destac\u00f3 la distinci\u00f3n a la joven Michelle Ram\u00f3n. De igual forma, la locutora Claudia Gal\u00e1n fue reconocida por segundo a\u00f1o consecutivo, evidenciando constancia y profesionalismo en el ejercicio de esta profesi\u00f3n.<\/p>\n<p style=\"text-align: justify;\">Tambi\u00e9n fueron galardonados Yudelkis Santos, David Santana, Miguel Ram\u00edrez (El L\u00edder), Lorenny Gar\u00f3, \u00c1ngela Rodr\u00edguez y Tom\u00e1s Santana, este \u00faltimo por su amplia trayectoria. La gala incluy\u00f3 presentaciones art\u00edsticas<\/p>\n<p style=\"text-align: justify;\">El hilo conductor de la majestuosa gala estuvo a cargo del destacado historiador Guarionex Alc\u00e1ntara y la reconocida locutora Jasmiri Rosa.<\/p>\n<p style=\"text-align: justify;\"><strong>Sobre los Diamond Voice Awards<\/strong><\/p>\n<p style=\"text-align: justify;\">Los Diamond Voice Awards son una iniciativa creada por el locutor y comunicador Jerfferson Rodr\u00edguez con el prop\u00f3sito de reconocer la excelencia, la trayectoria y los aportes de los profesionales de la voz que generan un impacto positivo en la sociedad. A lo largo de sus siete ediciones, han evolucionado hasta consolidarse como una plataforma de prestigio en la locuci\u00f3n dominicana, promoviendo valores, \u00e9tica y calidad en la comunicaci\u00f3n.<\/p>\n<p style=\"text-align: justify;\"><strong>Sobre la RLCD<\/strong><\/p>\n<p style=\"text-align: justify;\">La Red de Locutores Cristianos Dominicanos (RLCD) es una organizaci\u00f3n que agrupa a profesionales de la locuci\u00f3n comprometidos con el ejercicio \u00e9tico, la formaci\u00f3n continua y la promoci\u00f3n de valores en los medios de comunicaci\u00f3n. A trav\u00e9s de iniciativas como los Diamond Voice Awards, el Congreso de Locutores \u00abON AIR\u00bb y otras acciones, fomenta el desarrollo de talentos, el fortalecimiento del gremio y la incidencia positiva de la comunicaci\u00f3n en la sociedad.<\/p>\n<p style=\"text-align: justify;\">Fuente: Prensa RLCD<\/p>\n","protected":false},"excerpt":{"rendered":"<p>\u00abSiete a\u00f1os elevando y recociendo a los profesionales de la voz en RD\u00bb Santo Domingo.<\/p>\n","protected":false},"author":1,"featured_media":58669,"comment_status":"open","ping_status":"open","sticky":false,"template":"","format":"standard","meta":{"footnotes":""},"categories":[255],"tags":[],"class_list":["post-58667","post","type-post","status-publish","format-standard","has-post-thumbnail","hentry","category-comunicacion"],"_links":{"self":[{"href":"https:\/\/defrentealaverdad.com\/index.php\/wp-json\/wp\/v2\/posts\/58667","targetHints":{"allow":["GET"]}}],"collection":[{"href":"https:\/\/defrentealaverdad.com\/index.php\/wp-json\/wp\/v2\/posts"}],"about":[{"href":"https:\/\/defrentealaverdad.com\/index.php\/wp-json\/wp\/v2\/types\/post"}],"author":[{"embeddable":true,"href":"https:\/\/defrentealaverdad.com\/index.php\/wp-json\/wp\/v2\/users\/1"}],"replies":[{"embeddable":true,"href":"https:\/\/defrentealaverdad.com\/index.php\/wp-json\/wp\/v2\/comments?post=58667"}],"version-history":[{"count":1,"href":"https:\/\/defrentealaverdad.com\/index.php\/wp-json\/wp\/v2\/posts\/58667\/revisions"}],"predecessor-version":[{"id":58670,"href":"https:\/\/defrentealaverdad.com\/index.php\/wp-json\/wp\/v2\/posts\/58667\/revisions\/58670"}],"wp:featuredmedia":[{"embeddable":true,"href":"https:\/\/defrentealaverdad.com\/index.php\/wp-json\/wp\/v2\/media\/58669"}],"wp:attachment":[{"href":"https:\/\/defrentealaverdad.com\/index.php\/wp-json\/wp\/v2\/media?parent=58667"}],"wp:term":[{"taxonomy":"category","embeddable":true,"href":"https:\/\/defrentealaverdad.com\/index.php\/wp-json\/wp\/v2\/categories?post=58667"},{"taxonomy":"post_tag","embeddable":true,"href":"https:\/\/defrentealaverdad.com\/index.php\/wp-json\/wp\/v2\/tags?post=58667"}],"curies":[{"name":"wp","href":"https:\/\/api.w.org\/{rel}","templated":true}]}}