{"id":58662,"date":"2026-04-28T15:29:23","date_gmt":"2026-04-28T15:29:23","guid":{"rendered":"https:\/\/defrentealaverdad.com\/?p=58662"},"modified":"2026-04-28T23:29:33","modified_gmt":"2026-04-28T23:29:33","slug":"comerciantes-fronterizos-protestan-contra-los-puertos-secos-en-dajabon","status":"publish","type":"post","link":"https:\/\/defrentealaverdad.com\/index.php\/2026\/04\/28\/comerciantes-fronterizos-protestan-contra-los-puertos-secos-en-dajabon\/","title":{"rendered":"Comerciantes fronterizos protestan contra los puertos secos en Dajab\u00f3n"},"content":{"rendered":"<blockquote>\n<p style=\"text-align: center;\">Representantes del sector advierten impacto negativo en m\u00e1s de 3,000 comerciantes<\/p>\n<\/blockquote>\n<p style=\"text-align: justify;\"><strong>Dajab\u00f3n, RD<\/strong>. \u2014 El presidente de la Asociaci\u00f3n de Comerciantes Fronterizos, Carlos Morillo Valdez, expres\u00f3 hoy su rechazo a la construcci\u00f3n de puertos secos a lo largo de la frontera con Hait\u00ed.<\/p>\n<p style=\"text-align: justify;\">Morillo, manifest\u00f3 su desacuerdo con el proyecto, al considerar que estas infraestructuras beneficiar\u00edan principalmente a empresarios haitianos, en detrimento de los comerciantes dominicanos.<\/p>\n<p style=\"text-align: justify;\">Seg\u00fan explic\u00f3, la medida podr\u00eda afectar directamente a m\u00e1s de 3,000 comerciantes, as\u00ed como a grandes empresas locales que dependen de la din\u00e1mica comercial en la zona.<\/p>\n<blockquote>\n<p style=\"text-align: center;\">\u201cEstamos hablando de una iniciativa que impactar\u00e1 negativamente a miles de comerciantes dominicanos. Con estos puertos secos se pretende instalar centros log\u00edsticos para distribuir mercanc\u00edas provenientes de todo el mundo hacia el vecino pa\u00eds\u201d, se\u00f1al\u00f3.<\/p>\n<\/blockquote>\n<p style=\"text-align: justify;\">De su lado, el exsenador David Sosa cuestion\u00f3 la necesidad de implementar este tipo de proyectos, destacando que ya existe un Consejo Binacional Dominico-Haitiano que, seg\u00fan afirm\u00f3, ha funcionado de manera efectiva durante m\u00e1s de 30 a\u00f1os.<\/p>\n<blockquote>\n<p style=\"text-align: center;\">\u201cResulta contradictorio que, teniendo mecanismos establecidos, ahora se impulse un modelo que podr\u00eda desplazar un comercio l\u00edcito que por a\u00f1os ha sostenido la econom\u00eda fronteriza\u201d, indic\u00f3.<\/p>\n<\/blockquote>\n<p style=\"text-align: justify;\">Asimismo, el empresario Pascual Valenzuela Marranzini asegur\u00f3 que el sector comercial se mantiene unido frente a lo que calific\u00f3 como una medida excluyente.<\/p>\n<blockquote>\n<p style=\"text-align: center;\">\u201cEsta forma de excluirnos del comercio en la frontera nos preocupa profundamente. Estamos unidos en contra de una iniciativa que aparenta beneficiar a grandes comerciantes haitianos y dominicanos en perjuicio de los peque\u00f1os y medianos\u201d, expres\u00f3.<\/p>\n<\/blockquote>\n<p style=\"text-align: justify;\">La protesta, desarrollada de manera pac\u00edfica, cont\u00f3 con la participaci\u00f3n de diversas figuras pol\u00edticas y representantes del sector comercial, entre ellas las diputadas Milly Mart\u00ednez, de la provincia El\u00edas Pi\u00f1a, y Elvira Corpor\u00e1n, de San Juan, ambas del Partido Revolucionario Moderno (PRM), Luis Bienvenido Gutierrez, comerciante entre otros.<\/p>\n<p style=\"text-align: justify;\">Tambi\u00e9n estuvo presente Fredy Murillo, presidente de la Asociaci\u00f3n de Comerciantes de Dajab\u00f3n, junto a otros dirigentes del sector.<\/p>\n<p style=\"text-align: justify;\">Los manifestantes reiteraron su llamado a las autoridades para revisar la propuesta y priorizar pol\u00edticas que fortalezcan el comercio fronterizo existente.<\/p>\n<p style=\"text-align: justify;\">Un puerto seco es una instalaci\u00f3n ubicada en el interior de un pa\u00eds (o lejos del puerto mar\u00edtimo) que funciona como extensi\u00f3n del puerto, donde se pueden recibir y despachar contenedores, hacer tr\u00e1mites aduanales, almacenar mercanc\u00edas, transferir carga entre camiones y trenes.<\/p>\n<p>Fuente: Asoc. de Comerciantes Fronterizos<\/p>\n","protected":false},"excerpt":{"rendered":"<p>Representantes del sector advierten impacto negativo en m\u00e1s de 3,000 comerciantes Dajab\u00f3n, RD. \u2014 El<\/p>\n","protected":false},"author":1,"featured_media":58665,"comment_status":"open","ping_status":"open","sticky":false,"template":"","format":"standard","meta":{"footnotes":""},"categories":[7],"tags":[],"class_list":["post-58662","post","type-post","status-publish","format-standard","has-post-thumbnail","hentry","category-nacionales"],"_links":{"self":[{"href":"https:\/\/defrentealaverdad.com\/index.php\/wp-json\/wp\/v2\/posts\/58662","targetHints":{"allow":["GET"]}}],"collection":[{"href":"https:\/\/defrentealaverdad.com\/index.php\/wp-json\/wp\/v2\/posts"}],"about":[{"href":"https:\/\/defrentealaverdad.com\/index.php\/wp-json\/wp\/v2\/types\/post"}],"author":[{"embeddable":true,"href":"https:\/\/defrentealaverdad.com\/index.php\/wp-json\/wp\/v2\/users\/1"}],"replies":[{"embeddable":true,"href":"https:\/\/defrentealaverdad.com\/index.php\/wp-json\/wp\/v2\/comments?post=58662"}],"version-history":[{"count":1,"href":"https:\/\/defrentealaverdad.com\/index.php\/wp-json\/wp\/v2\/posts\/58662\/revisions"}],"predecessor-version":[{"id":58666,"href":"https:\/\/defrentealaverdad.com\/index.php\/wp-json\/wp\/v2\/posts\/58662\/revisions\/58666"}],"wp:featuredmedia":[{"embeddable":true,"href":"https:\/\/defrentealaverdad.com\/index.php\/wp-json\/wp\/v2\/media\/58665"}],"wp:attachment":[{"href":"https:\/\/defrentealaverdad.com\/index.php\/wp-json\/wp\/v2\/media?parent=58662"}],"wp:term":[{"taxonomy":"category","embeddable":true,"href":"https:\/\/defrentealaverdad.com\/index.php\/wp-json\/wp\/v2\/categories?post=58662"},{"taxonomy":"post_tag","embeddable":true,"href":"https:\/\/defrentealaverdad.com\/index.php\/wp-json\/wp\/v2\/tags?post=58662"}],"curies":[{"name":"wp","href":"https:\/\/api.w.org\/{rel}","templated":true}]}}