{"id":58656,"date":"2026-04-28T13:01:23","date_gmt":"2026-04-28T13:01:23","guid":{"rendered":"https:\/\/defrentealaverdad.com\/?p=58656"},"modified":"2026-04-28T21:03:09","modified_gmt":"2026-04-28T21:03:09","slug":"maria-diaz-propone-la-creacion-de-una-fiscalia-especializada-de-transito-para-enfrentar-la-crisis-vial-en-republica-dominicana","status":"publish","type":"post","link":"https:\/\/defrentealaverdad.com\/index.php\/2026\/04\/28\/maria-diaz-propone-la-creacion-de-una-fiscalia-especializada-de-transito-para-enfrentar-la-crisis-vial-en-republica-dominicana\/","title":{"rendered":"Mar\u00eda D\u00edaz propone la creaci\u00f3n de una Fiscal\u00eda Especializada de Tr\u00e1nsito para enfrentar la crisis vial en Rep\u00fablica Dominicana"},"content":{"rendered":"<p style=\"text-align: justify;\"><strong>Santo Domingo, Rep\u00fablica Dominicana<\/strong>. \u2013 Ante el alarmante incremento de los siniestros viales y la p\u00e9rdida constante de vidas en las carreteras del pa\u00eds, la especialista en seguridad vial y fundadora de Mujeres al Volante RD, Mar\u00eda D\u00edaz, present\u00f3 formalmente una propuesta para la creaci\u00f3n de una Fiscal\u00eda Especializada de Tr\u00e1nsito, como respuesta estructural a la crisis de movilidad y seguridad vial.<\/p>\n<p style=\"text-align: justify;\">D\u00edaz explic\u00f3 que la Rep\u00fablica Dominicana enfrenta una problem\u00e1tica sostenida marcada por la alta incidencia de accidentes, especialmente aquellos vinculados al uso de motocicletas, la imprudencia al volante y la d\u00e9bil aplicaci\u00f3n del r\u00e9gimen de consecuencias.<\/p>\n<blockquote>\n<p style=\"text-align: center;\">\u201cLa falta de un sistema efectivo de investigaci\u00f3n, persecuci\u00f3n y sanci\u00f3n de las infracciones y delitos viales ha contribuido a la normalizaci\u00f3n del desorden en nuestras calles. No se trata solo de educar, se trata de hacer cumplir la ley con firmeza y coherencia\u201d, expres\u00f3.<\/p>\n<\/blockquote>\n<p style=\"text-align: justify;\">La propuesta contempla la creaci\u00f3n de una dependencia especializada dentro del Ministerio P\u00fablico, con competencia nacional, dedicada exclusivamente a la investigaci\u00f3n de accidentes de tr\u00e1nsito, la determinaci\u00f3n de responsabilidades y la aplicaci\u00f3n de sanciones proporcionales, incluyendo multas, suspensi\u00f3n de licencias, programas obligatorios de educaci\u00f3n vial y procesos penales en los casos m\u00e1s graves.<\/p>\n<p style=\"text-align: justify;\">Asimismo, el planteamiento incorpora el uso de tecnolog\u00edas de fiscalizaci\u00f3n como c\u00e1maras, radares y sistemas automatizados, as\u00ed como la creaci\u00f3n de un registro nacional de infractores y un sistema de puntos en las licencias de conducir.<\/p>\n<p style=\"text-align: justify;\">D\u00edaz enfatiz\u00f3 que para que este modelo funcione, el Estado debe cumplir con condiciones fundamentales, como garantizar una infraestructura vial segura, debidamente se\u00f1alizada, sistemas de control eficientes y una coordinaci\u00f3n real entre las instituciones responsables del tr\u00e1nsito, incluyendo el INTRANT, DIGESETT y el Ministerio de Obras P\u00fablicas.<\/p>\n<blockquote>\n<p style=\"text-align: center;\">\u201cLa seguridad vial no puede seguir trat\u00e1ndose como un tema secundario. Estamos hablando de vidas humanas. Cada accidente que ocurre es una falla del sistema, y cada vida que se pierde es una tragedia que pudo evitarse\u201d, puntualiz\u00f3.<\/p>\n<\/blockquote>\n<p style=\"text-align: justify;\">La iniciativa tambi\u00e9n plantea un enfoque integral que incluye la atenci\u00f3n a v\u00edctimas, la reducci\u00f3n de la reincidencia en infractores y la transformaci\u00f3n de la cultura vial en el pa\u00eds.<\/p>\n<p style=\"text-align: justify;\">Finalmente, Mar\u00eda D\u00edaz hizo un llamado a las autoridades, legisladores y a la sociedad en general a asumir con responsabilidad este desaf\u00edo:<\/p>\n<blockquote>\n<p style=\"text-align: center;\">\u201cEste es el momento de tomar decisiones valientes. La creaci\u00f3n de una Fiscal\u00eda de Tr\u00e1nsito no es una opci\u00f3n, es una necesidad urgente para salvar vidas y devolver el orden a nuestras v\u00edas\u201d.<\/p>\n<\/blockquote>\n<p>Fuente: Prensa SineXQsas<\/p>\n","protected":false},"excerpt":{"rendered":"<p>Santo Domingo, Rep\u00fablica Dominicana. \u2013 Ante el alarmante incremento de los siniestros viales y la<\/p>\n","protected":false},"author":1,"featured_media":58657,"comment_status":"open","ping_status":"open","sticky":false,"template":"","format":"standard","meta":{"footnotes":""},"categories":[7],"tags":[],"class_list":["post-58656","post","type-post","status-publish","format-standard","has-post-thumbnail","hentry","category-nacionales"],"_links":{"self":[{"href":"https:\/\/defrentealaverdad.com\/index.php\/wp-json\/wp\/v2\/posts\/58656","targetHints":{"allow":["GET"]}}],"collection":[{"href":"https:\/\/defrentealaverdad.com\/index.php\/wp-json\/wp\/v2\/posts"}],"about":[{"href":"https:\/\/defrentealaverdad.com\/index.php\/wp-json\/wp\/v2\/types\/post"}],"author":[{"embeddable":true,"href":"https:\/\/defrentealaverdad.com\/index.php\/wp-json\/wp\/v2\/users\/1"}],"replies":[{"embeddable":true,"href":"https:\/\/defrentealaverdad.com\/index.php\/wp-json\/wp\/v2\/comments?post=58656"}],"version-history":[{"count":1,"href":"https:\/\/defrentealaverdad.com\/index.php\/wp-json\/wp\/v2\/posts\/58656\/revisions"}],"predecessor-version":[{"id":58658,"href":"https:\/\/defrentealaverdad.com\/index.php\/wp-json\/wp\/v2\/posts\/58656\/revisions\/58658"}],"wp:featuredmedia":[{"embeddable":true,"href":"https:\/\/defrentealaverdad.com\/index.php\/wp-json\/wp\/v2\/media\/58657"}],"wp:attachment":[{"href":"https:\/\/defrentealaverdad.com\/index.php\/wp-json\/wp\/v2\/media?parent=58656"}],"wp:term":[{"taxonomy":"category","embeddable":true,"href":"https:\/\/defrentealaverdad.com\/index.php\/wp-json\/wp\/v2\/categories?post=58656"},{"taxonomy":"post_tag","embeddable":true,"href":"https:\/\/defrentealaverdad.com\/index.php\/wp-json\/wp\/v2\/tags?post=58656"}],"curies":[{"name":"wp","href":"https:\/\/api.w.org\/{rel}","templated":true}]}}