{"id":58641,"date":"2026-04-27T17:09:01","date_gmt":"2026-04-27T17:09:01","guid":{"rendered":"https:\/\/defrentealaverdad.com\/?p=58641"},"modified":"2026-04-27T22:10:51","modified_gmt":"2026-04-27T22:10:51","slug":"gaphriel-y-ryan-milo-apuestan-por-el-merengue-desde-el-latin-pop-con-hacerte-ver-me-encantas-tu","status":"publish","type":"post","link":"https:\/\/defrentealaverdad.com\/index.php\/2026\/04\/27\/gaphriel-y-ryan-milo-apuestan-por-el-merengue-desde-el-latin-pop-con-hacerte-ver-me-encantas-tu\/","title":{"rendered":"Gaphriel y Ryan Milo apuestan por el merengue desde el Latin pop con \u201cHacerte Ver (Me Encantas T\u00fa)\u201d"},"content":{"rendered":"<blockquote>\n<p style=\"text-align: center;\">El artista venezolano y el puertorrique\u00f1o se unen en una propuesta rom\u00e1ntica que conecta ritmos dominicanos<\/p>\n<\/blockquote>\n<p style=\"text-align: justify;\"><strong>Santo Domingo, RD, abril 2026.<\/strong> El cantante venezolano radicado en el pa\u00eds, Gaphriel, une su talento con el puertorrique\u00f1o Ryan Milo para presentar \u201cHacerte Ver (Me Encantas T\u00fa)\u201d, un sencillo que fusiona la esencia del merengue con la frescura del Latin pop, dando como resultado una propuesta rom\u00e1ntica, moderna y con proyecci\u00f3n internacional.<\/p>\n<p style=\"text-align: justify;\">M\u00e1s que un simple tema tropical, la canci\u00f3n representa la apuesta de dos artistas extranjeros por los ritmos que nacen en Rep\u00fablica Dominicana, llev\u00e1ndolos a un terreno m\u00e1s global sin perder su identidad. En esta ocasi\u00f3n, el merengue funciona como base r\u00edtmica, mientras el enfoque pop le aporta un sonido actual y accesible para audiencias diversas.<\/p>\n<p style=\"text-align: justify;\">\u201cHacerte Ver (Me Encantas T\u00fa)\u201d destaca por su vibra emocional y positiva, construyendo una narrativa cercana sobre la admiraci\u00f3n y el encanto hacia esa persona especial. Su melod\u00eda pegajosa y su energ\u00eda bailable la convierten en una canci\u00f3n que conecta desde la primera escucha, equilibrando lo rom\u00e1ntico con lo contagioso.<\/p>\n<p style=\"text-align: justify;\">La colaboraci\u00f3n entre Gaphriel y Ryan Milo no solo une dos culturas (Venezuela y Puerto Rico) sino que tambi\u00e9n refuerza una tendencia creciente: artistas internacionales mirando hacia los sonidos dominicanos como punto de partida para propuestas con alcance global.<\/p>\n<p style=\"text-align: justify;\">Ambos cantantes se encuentran en constante desarrollo de sus carreras art\u00edsticas; en el caso de Gaphriel, se encuentra preparando su pr\u00f3ximo EP donde estar\u00e1 realizando un viaje musical colaborativo que sorprender\u00e1 a toda su fanaticada y Ryan Milo afina los \u00faltimos detalles para el lanzamiento de su segundo \u00e1lbum de estudio.<\/p>\n<p style=\"text-align: justify;\">El sencillo ya se encuentra disponible en todas las plataformas digitales, junto a su videoclip oficial en YouTube.<\/p>\n<p><strong>Video Oficial <\/strong>\u00a0<a href=\"https:\/\/www.youtube.com\/watch?v=hk9jrEY0H0o&amp;list=RDhk9jrEY0H0o&amp;start_radio=1\">https:\/\/www.youtube.com\/watch?v=hk9jrEY0H0o&amp;list=RDhk9jrEY0H0o&amp;start_radio=1<\/a><\/p>\n<p style=\"text-align: justify;\">M\u00e1s detalles en las redes sociales: @gaphriel @ryanmilo<\/p>\n<p>Fuente: Mari\u00fa Medios<\/p>\n","protected":false},"excerpt":{"rendered":"<p>El artista venezolano y el puertorrique\u00f1o se unen en una propuesta rom\u00e1ntica que conecta ritmos<\/p>\n","protected":false},"author":1,"featured_media":58642,"comment_status":"open","ping_status":"open","sticky":false,"template":"","format":"standard","meta":{"footnotes":""},"categories":[249],"tags":[],"class_list":["post-58641","post","type-post","status-publish","format-standard","has-post-thumbnail","hentry","category-farandula"],"_links":{"self":[{"href":"https:\/\/defrentealaverdad.com\/index.php\/wp-json\/wp\/v2\/posts\/58641","targetHints":{"allow":["GET"]}}],"collection":[{"href":"https:\/\/defrentealaverdad.com\/index.php\/wp-json\/wp\/v2\/posts"}],"about":[{"href":"https:\/\/defrentealaverdad.com\/index.php\/wp-json\/wp\/v2\/types\/post"}],"author":[{"embeddable":true,"href":"https:\/\/defrentealaverdad.com\/index.php\/wp-json\/wp\/v2\/users\/1"}],"replies":[{"embeddable":true,"href":"https:\/\/defrentealaverdad.com\/index.php\/wp-json\/wp\/v2\/comments?post=58641"}],"version-history":[{"count":1,"href":"https:\/\/defrentealaverdad.com\/index.php\/wp-json\/wp\/v2\/posts\/58641\/revisions"}],"predecessor-version":[{"id":58643,"href":"https:\/\/defrentealaverdad.com\/index.php\/wp-json\/wp\/v2\/posts\/58641\/revisions\/58643"}],"wp:featuredmedia":[{"embeddable":true,"href":"https:\/\/defrentealaverdad.com\/index.php\/wp-json\/wp\/v2\/media\/58642"}],"wp:attachment":[{"href":"https:\/\/defrentealaverdad.com\/index.php\/wp-json\/wp\/v2\/media?parent=58641"}],"wp:term":[{"taxonomy":"category","embeddable":true,"href":"https:\/\/defrentealaverdad.com\/index.php\/wp-json\/wp\/v2\/categories?post=58641"},{"taxonomy":"post_tag","embeddable":true,"href":"https:\/\/defrentealaverdad.com\/index.php\/wp-json\/wp\/v2\/tags?post=58641"}],"curies":[{"name":"wp","href":"https:\/\/api.w.org\/{rel}","templated":true}]}}