{"id":58629,"date":"2026-04-27T11:22:34","date_gmt":"2026-04-27T11:22:34","guid":{"rendered":"https:\/\/defrentealaverdad.com\/?p=58629"},"modified":"2026-04-27T14:54:00","modified_gmt":"2026-04-27T14:54:00","slug":"maxi-feliz-representa-a-la-comunidad-neurodivergente-en-el-congreso-mundial-de-mujeres-lideres-2026-celebrado-en-harvard","status":"publish","type":"post","link":"https:\/\/defrentealaverdad.com\/index.php\/2026\/04\/27\/maxi-feliz-representa-a-la-comunidad-neurodivergente-en-el-congreso-mundial-de-mujeres-lideres-2026-celebrado-en-harvard\/","title":{"rendered":"Maxi Feliz representa a la comunidad neurodivergente en el Congreso Mundial de Mujeres L\u00edderes 2026 celebrado en Harvard"},"content":{"rendered":"<p style=\"text-align: justify;\">Maxi Feliz particip\u00f3 como conferencista en el Congreso Mundial de Mujeres L\u00edderes 2026 celebrado en Cambridge, Massachusetts, en un hecho significativo para la comunidad neurodivergente, la Rep\u00fablica Dominicana y la di\u00e1spora latina. La abogada, empresaria y l\u00edder dominicana radicada en Nueva York form\u00f3 parte de este encuentro internacional, realizado los d\u00edas 23 y 24 de abril en el Harvard Faculty Club.<\/p>\n<p style=\"text-align: justify;\">Por primera vez en la historia de este congreso, la neurodiversidad fue presentada como una ventaja competitiva empresarial, posicionando esta causa en el centro del debate global sobre liderazgo, innovaci\u00f3n e inclusi\u00f3n. Durante su intervenci\u00f3n, Feliz destac\u00f3 el valor estrat\u00e9gico del talento neurodivergente dentro de las organizaciones y la necesidad de replantear los modelos tradicionales de liderazgo.<\/p>\n<p style=\"text-align: justify;\">Fundadora de la Fundaci\u00f3n Unidos por la Neurodiversidad (UNEU) y CEO de Max Blue bajo Blue Horizon Global LLC, present\u00f3 su enfoque basado en los \u201cTesoros Azules\u201d, una metodolog\u00eda orientada a transformar la manera en que las empresas identifican, integran y potencian el talento diverso. Su mensaje, respaldado por referencias de empresas como Microsoft, SAP y JPMorgan Chase, evidenci\u00f3 que la diversidad cognitiva no es solo una causa social, sino una estrategia empresarial clave.<\/p>\n<p style=\"text-align: justify;\">Como parte del impacto generado, su participaci\u00f3n trascendi\u00f3 el escenario del congreso al proyectarse en Times Square, Nueva York, uno de los espacios de mayor visibilidad a nivel global, llevando un mensaje de prop\u00f3sito, inclusi\u00f3n y liderazgo a una audiencia internacional.<\/p>\n<p style=\"text-align: justify;\">M\u00e1s all\u00e1 de la conferencia, su presencia gener\u00f3 conexiones estrat\u00e9gicas con l\u00edderes, organizaciones y representantes internacionales interesados en impulsar iniciativas de inclusi\u00f3n, contrataci\u00f3n diversa y desarrollo de programas especializados. Autora de la primera investigaci\u00f3n jur\u00eddica sobre autismo en la Rep\u00fablica Dominicana y con impacto directo en m\u00e1s de 400 familias latinas, Feliz reafirm\u00f3 su misi\u00f3n con un mensaje claro:<\/p>\n<blockquote>\n<p style=\"text-align: center;\">\u201cEl mundo de los negocios necesita todo tipo de mentes. Y una de esas mentes\u2026 es mi hijo Max.\u201d<\/p>\n<\/blockquote>\n<p style=\"text-align: justify;\">Esta participaci\u00f3n cont\u00f3 con el respaldo de aliados estrat\u00e9gicos, entre ellos Henry Abreu de Platinum Auto Group; Radam\u00e9s Rodr\u00edguez de United Bodegas of America, Nueva York; Mery Aristy de Precise Accounting &amp; Business Consulting; el Dr. Juan Tapia Mendoza; Beatriz Matos de One To One Support Services Inc.; Blanca Vargas de Mujeres Valientes; Cindy Guti\u00e9rrez de Cindy\u2019s Bakery en Springfield; y Julissa Antigua de Precious Little Jewels Daycare. Asimismo, expres\u00f3 su agradecimiento a la Dra. Roselyn Cabrales por abrir este espacio a una causa que contin\u00faa avanzando en escenarios de liderazgo global.<\/p>\n<p style=\"text-align: justify;\">Maxi Feliz es abogada, empresaria y l\u00edder latina. Ha sido reconocida como \u201cMujer Imparable\u201d por Telemundo y destacada por Autism Speaks. Actualmente cursa maestr\u00edas en educaci\u00f3n especial y neuropsicolog\u00eda, consolid\u00e1ndose como una de las principales voces de la neurodiversidad en el mundo hispanohablante.<\/p>\n<p>Fuente: Equipo M. Feliz<\/p>\n","protected":false},"excerpt":{"rendered":"<p>Maxi Feliz particip\u00f3 como conferencista en el Congreso Mundial de Mujeres L\u00edderes 2026 celebrado en<\/p>\n","protected":false},"author":1,"featured_media":58630,"comment_status":"open","ping_status":"open","sticky":false,"template":"","format":"standard","meta":{"footnotes":""},"categories":[7],"tags":[],"class_list":["post-58629","post","type-post","status-publish","format-standard","has-post-thumbnail","hentry","category-nacionales"],"_links":{"self":[{"href":"https:\/\/defrentealaverdad.com\/index.php\/wp-json\/wp\/v2\/posts\/58629","targetHints":{"allow":["GET"]}}],"collection":[{"href":"https:\/\/defrentealaverdad.com\/index.php\/wp-json\/wp\/v2\/posts"}],"about":[{"href":"https:\/\/defrentealaverdad.com\/index.php\/wp-json\/wp\/v2\/types\/post"}],"author":[{"embeddable":true,"href":"https:\/\/defrentealaverdad.com\/index.php\/wp-json\/wp\/v2\/users\/1"}],"replies":[{"embeddable":true,"href":"https:\/\/defrentealaverdad.com\/index.php\/wp-json\/wp\/v2\/comments?post=58629"}],"version-history":[{"count":1,"href":"https:\/\/defrentealaverdad.com\/index.php\/wp-json\/wp\/v2\/posts\/58629\/revisions"}],"predecessor-version":[{"id":58631,"href":"https:\/\/defrentealaverdad.com\/index.php\/wp-json\/wp\/v2\/posts\/58629\/revisions\/58631"}],"wp:featuredmedia":[{"embeddable":true,"href":"https:\/\/defrentealaverdad.com\/index.php\/wp-json\/wp\/v2\/media\/58630"}],"wp:attachment":[{"href":"https:\/\/defrentealaverdad.com\/index.php\/wp-json\/wp\/v2\/media?parent=58629"}],"wp:term":[{"taxonomy":"category","embeddable":true,"href":"https:\/\/defrentealaverdad.com\/index.php\/wp-json\/wp\/v2\/categories?post=58629"},{"taxonomy":"post_tag","embeddable":true,"href":"https:\/\/defrentealaverdad.com\/index.php\/wp-json\/wp\/v2\/tags?post=58629"}],"curies":[{"name":"wp","href":"https:\/\/api.w.org\/{rel}","templated":true}]}}