{"id":58626,"date":"2026-04-27T11:00:42","date_gmt":"2026-04-27T11:00:42","guid":{"rendered":"https:\/\/defrentealaverdad.com\/?p=58626"},"modified":"2026-04-27T14:51:57","modified_gmt":"2026-04-27T14:51:57","slug":"francis-baez-destaca-impacto-de-reside-en-la-reinsercion-social-desde-salud-podcast-del-sns","status":"publish","type":"post","link":"https:\/\/defrentealaverdad.com\/index.php\/2026\/04\/27\/francis-baez-destaca-impacto-de-reside-en-la-reinsercion-social-desde-salud-podcast-del-sns\/","title":{"rendered":"Francis B\u00e1ez destaca impacto de RESIDE en la reinserci\u00f3n social desde Salud Podcast del SNS"},"content":{"rendered":"<p style=\"text-align: justify;\"><strong>Santo Domingo.<\/strong> \u2013 La doctora Francis B\u00e1ez, directora del Centro de Rehabilitaci\u00f3n Psicosocial y Desarrollo Humano (RESIDE), particip\u00f3 como invitada en el espacio Salud Podcast del Servicio Nacional de Salud (SNS), donde resalt\u00f3 el papel transformador de este modelo en la atenci\u00f3n integral de pacientes con condiciones de salud mental.<\/p>\n<p style=\"text-align: justify;\">Durante la entrevista, B\u00e1ez explic\u00f3 que RESIDE es el \u00fanico centro en el pa\u00eds con un enfoque integral de rehabilitaci\u00f3n psicosocial, orientado a pacientes que, tras una crisis psiqui\u00e1trica, no logran reintegrarse de forma aut\u00f3noma a su entorno social.<\/p>\n<blockquote>\n<p style=\"text-align: center;\">\u201cRESIDE viene a dar respuesta a una necesidad real del sistema: acompa\u00f1ar al paciente m\u00e1s all\u00e1 del tratamiento cl\u00ednico, prepar\u00e1ndolo para volver a ser funcional en la sociedad\u201d, afirm\u00f3.<\/p>\n<\/blockquote>\n<p style=\"text-align: justify;\">El programa incluye modalidades ambulatorias y residenciales, con una duraci\u00f3n de entre tres meses y un a\u00f1o, en las que se trabaja la autonom\u00eda, el autocuidado, la adherencia al tratamiento y la cognici\u00f3n, basada en la terapia cognitivo-conductual.<\/p>\n<p style=\"text-align: justify;\">Asimismo, la doctora B\u00e1ez detall\u00f3 que el centro ofrece consultas a bajo costo en psiquiatr\u00eda, psicolog\u00eda, medicina familiar, nutrici\u00f3n y terapia ocupacional, adem\u00e1s de programas innovadores como laboroterapia, musicoterapia y huertoterapia.<\/p>\n<p style=\"text-align: justify;\">Un aspecto clave destacado durante la entrevista fue el acceso a medicamentos, garantizado de forma gratuita para los pacientes a trav\u00e9s del Plan CLIPE.<\/p>\n<blockquote>\n<p style=\"text-align: center;\">\u201cUn paciente que no tiene acceso a sus medicamentos dif\u00edcilmente puede mantenerse estable. Con el apoyo del Plan CLIPE, garantizamos que ese tratamiento llegue de manera oportuna y constante\u201d, explic\u00f3 B\u00e1ez.<\/p>\n<\/blockquote>\n<p style=\"text-align: justify;\">Seg\u00fan datos de la Organizaci\u00f3n Mundial de la Salud (OMS), los trastornos mentales representan una de las principales causas de discapacidad a nivel global, lo que refuerza la importancia de iniciativas como RESIDE dentro del sistema p\u00fablico de salud. En ese sentido, el centro se posiciona como un modelo piloto a seguir para la reproducci\u00f3n de programas de atenci\u00f3n psicosocial y desarrollo humano a nivel nacional.<\/p>\n<p>&nbsp;<\/p>\n<p>Fuente: Comunicaciones del Centro RESIDE<\/p>\n","protected":false},"excerpt":{"rendered":"<p>Santo Domingo. \u2013 La doctora Francis B\u00e1ez, directora del Centro de Rehabilitaci\u00f3n Psicosocial y Desarrollo<\/p>\n","protected":false},"author":1,"featured_media":58627,"comment_status":"open","ping_status":"open","sticky":false,"template":"","format":"standard","meta":{"footnotes":""},"categories":[7],"tags":[],"class_list":["post-58626","post","type-post","status-publish","format-standard","has-post-thumbnail","hentry","category-nacionales"],"_links":{"self":[{"href":"https:\/\/defrentealaverdad.com\/index.php\/wp-json\/wp\/v2\/posts\/58626","targetHints":{"allow":["GET"]}}],"collection":[{"href":"https:\/\/defrentealaverdad.com\/index.php\/wp-json\/wp\/v2\/posts"}],"about":[{"href":"https:\/\/defrentealaverdad.com\/index.php\/wp-json\/wp\/v2\/types\/post"}],"author":[{"embeddable":true,"href":"https:\/\/defrentealaverdad.com\/index.php\/wp-json\/wp\/v2\/users\/1"}],"replies":[{"embeddable":true,"href":"https:\/\/defrentealaverdad.com\/index.php\/wp-json\/wp\/v2\/comments?post=58626"}],"version-history":[{"count":1,"href":"https:\/\/defrentealaverdad.com\/index.php\/wp-json\/wp\/v2\/posts\/58626\/revisions"}],"predecessor-version":[{"id":58628,"href":"https:\/\/defrentealaverdad.com\/index.php\/wp-json\/wp\/v2\/posts\/58626\/revisions\/58628"}],"wp:featuredmedia":[{"embeddable":true,"href":"https:\/\/defrentealaverdad.com\/index.php\/wp-json\/wp\/v2\/media\/58627"}],"wp:attachment":[{"href":"https:\/\/defrentealaverdad.com\/index.php\/wp-json\/wp\/v2\/media?parent=58626"}],"wp:term":[{"taxonomy":"category","embeddable":true,"href":"https:\/\/defrentealaverdad.com\/index.php\/wp-json\/wp\/v2\/categories?post=58626"},{"taxonomy":"post_tag","embeddable":true,"href":"https:\/\/defrentealaverdad.com\/index.php\/wp-json\/wp\/v2\/tags?post=58626"}],"curies":[{"name":"wp","href":"https:\/\/api.w.org\/{rel}","templated":true}]}}