{"id":58611,"date":"2026-04-27T10:38:50","date_gmt":"2026-04-27T10:38:50","guid":{"rendered":"https:\/\/defrentealaverdad.com\/?p=58611"},"modified":"2026-04-27T13:27:00","modified_gmt":"2026-04-27T13:27:00","slug":"el-srso-sigue-formando-a-colaboradores-en-humanizacion-en-los-servicios-de-salud","status":"publish","type":"post","link":"https:\/\/defrentealaverdad.com\/index.php\/2026\/04\/27\/el-srso-sigue-formando-a-colaboradores-en-humanizacion-en-los-servicios-de-salud\/","title":{"rendered":"El SRSO sigue formando a colaboradores en humanizaci\u00f3n en los servicios de salud\u00a0"},"content":{"rendered":"<p style=\"text-align: justify;\"><strong>Santo Domingo, Rep\u00fablica Dominicana<\/strong>.- El Servicio Regional de Salud Ozama (SRSO) contin\u00faa con las jornadas formativas a todo el personal de los diversos hospitales y \u00e1reas de salud del Gran Santo Domingo y Monte Plata, por lo que llev\u00f3 a cabo un taller con colaboradores sobre la humanizaci\u00f3n de los servicios, impartido por t\u00e9cnicos de la instituci\u00f3n y del Servicio Nacional de Salud (SNS).<\/p>\n<p style=\"text-align: justify;\">En el encuentro, el director del SRSO, doctor Edisson F\u00e9liz F\u00e9liz, record\u00f3 a los colaboradores lo importante e indispensable que es mantener un servicio humano, cercano, con calidad y calidez, para que los usuarios sientan la satisfacci\u00f3n de una asistencia completa al momento de acudir a alg\u00fan centro en busca de salud.<\/p>\n<p style=\"text-align: justify;\">La jornada, coordinada por Lisania L\u00f3pez, encargada de Calidad de los Servicios de Salud y Gesti\u00f3n de Usuarios de la Regional Ozama, y quien form\u00f3 parte de los expositores, se trat\u00f3 sobre las estrategias y roles de los colaboradores de los hospitales para con los usuarios, los derechos que tienen los usuarios en su servicio, y cumplir adecuadamente con su responsabilidad como ente que ofrece servicios de salud.<\/p>\n<p style=\"text-align: justify;\">Durante el taller, el t\u00e9cnico del SNS, Edwin Medrano, reiter\u00f3 a los participantes que humanizar la salud es recordar que atendemos personas, no solo diagn\u00f3sticos, y que cada saludo, cada explicaci\u00f3n clara y cada acto de empat\u00eda marcan la diferencia en la experiencia del usuario.<\/p>\n<p style=\"text-align: justify;\">En ese sentido, se valor\u00f3 que en la regional Ozama se trabaja por una atenci\u00f3n a\u00fan mucho m\u00e1s digna, respetuosa, emp\u00e1tica y centrada en la persona.<\/p>\n<blockquote>\n<p style=\"text-align: center;\">\u201cLa Humanizaci\u00f3n 2026 es un compromiso de todos. Porque una salud verdaderamente humana: escucha, comunica con claridad, acompa\u00f1a e incluye al paciente y cuida al personal de salud\u201d, as\u00ed explic\u00f3 el facilitador, quien agreg\u00f3 que \u201cla forma en que tratamos al usuario define la calidad del sistema de salud\u201d.<\/p>\n<\/blockquote>\n<p style=\"text-align: justify;\">Igualmente, explic\u00f3 los derechos de los usuarios como base de la humanizaci\u00f3n, entre estos: una atenci\u00f3n digna y segura, confidencialidad, informaci\u00f3n clara, decisi\u00f3n sobre tratamientos, no discriminaci\u00f3n y segunda opini\u00f3n ante cualquier diagn\u00f3stico del especialista.<\/p>\n<p style=\"text-align: justify;\">En tanto, tambi\u00e9n particip\u00f3 como exponente la doctora Yuli S\u00e1nchez, t\u00e9cnico del Servicio Nacional de Salud.<\/p>\n<p>Fuente: Comunicaci\u00f3n Estrat\u00e9gica SRSO<\/p>\n","protected":false},"excerpt":{"rendered":"<p>Santo Domingo, Rep\u00fablica Dominicana.- El Servicio Regional de Salud Ozama (SRSO) contin\u00faa con las jornadas<\/p>\n","protected":false},"author":4,"featured_media":58612,"comment_status":"open","ping_status":"open","sticky":false,"template":"","format":"standard","meta":{"footnotes":""},"categories":[221],"tags":[],"class_list":["post-58611","post","type-post","status-publish","format-standard","has-post-thumbnail","hentry","category-salud"],"_links":{"self":[{"href":"https:\/\/defrentealaverdad.com\/index.php\/wp-json\/wp\/v2\/posts\/58611","targetHints":{"allow":["GET"]}}],"collection":[{"href":"https:\/\/defrentealaverdad.com\/index.php\/wp-json\/wp\/v2\/posts"}],"about":[{"href":"https:\/\/defrentealaverdad.com\/index.php\/wp-json\/wp\/v2\/types\/post"}],"author":[{"embeddable":true,"href":"https:\/\/defrentealaverdad.com\/index.php\/wp-json\/wp\/v2\/users\/4"}],"replies":[{"embeddable":true,"href":"https:\/\/defrentealaverdad.com\/index.php\/wp-json\/wp\/v2\/comments?post=58611"}],"version-history":[{"count":1,"href":"https:\/\/defrentealaverdad.com\/index.php\/wp-json\/wp\/v2\/posts\/58611\/revisions"}],"predecessor-version":[{"id":58613,"href":"https:\/\/defrentealaverdad.com\/index.php\/wp-json\/wp\/v2\/posts\/58611\/revisions\/58613"}],"wp:featuredmedia":[{"embeddable":true,"href":"https:\/\/defrentealaverdad.com\/index.php\/wp-json\/wp\/v2\/media\/58612"}],"wp:attachment":[{"href":"https:\/\/defrentealaverdad.com\/index.php\/wp-json\/wp\/v2\/media?parent=58611"}],"wp:term":[{"taxonomy":"category","embeddable":true,"href":"https:\/\/defrentealaverdad.com\/index.php\/wp-json\/wp\/v2\/categories?post=58611"},{"taxonomy":"post_tag","embeddable":true,"href":"https:\/\/defrentealaverdad.com\/index.php\/wp-json\/wp\/v2\/tags?post=58611"}],"curies":[{"name":"wp","href":"https:\/\/api.w.org\/{rel}","templated":true}]}}