{"id":58608,"date":"2026-04-27T10:05:55","date_gmt":"2026-04-27T10:05:55","guid":{"rendered":"https:\/\/defrentealaverdad.com\/?p=58608"},"modified":"2026-04-27T13:24:30","modified_gmt":"2026-04-27T13:24:30","slug":"las-ideas-no-se-matan-castillo-pantaleon-analiza-el-impacto-historico-de-orlando-martinez-en-el-periodismo-dominicano","status":"publish","type":"post","link":"https:\/\/defrentealaverdad.com\/index.php\/2026\/04\/27\/las-ideas-no-se-matan-castillo-pantaleon-analiza-el-impacto-historico-de-orlando-martinez-en-el-periodismo-dominicano\/","title":{"rendered":"Las ideas no se matan: Castillo Pantale\u00f3n analiza el impacto hist\u00f3rico de Orlando Mart\u00ednez en el periodismo dominicano"},"content":{"rendered":"<p style=\"text-align: justify;\">SANTO DOMINGO. \u2013 En el marco de la celebraci\u00f3n del \u00abMes del Periodista\u00bb, el Sindicato Nacional de Trabajadores de la Prensa (SNTP) celebr\u00f3 la conferencia magistral \u201cMemoria, justicia y libertad: el impacto del caso Orlando Mart\u00ednez en los comunicadores\u201d, dictada por el reconocido jurista y abogado, Dr. Juan Miguel Castillo Pantale\u00f3n.<\/p>\n<p style=\"text-align: justify;\">El evento, realizado en el Sal\u00f3n Pasados Presidentes del Colegio M\u00e9dico Dominicano, sirvi\u00f3 como un espacio de profunda reflexi\u00f3n sobre el asesinato del periodista el 17 de marzo de 1975, un \u00abcrimen de Estado\u00bb que, seg\u00fan el ponente, marc\u00f3 el pulso de la democracia dominicana y dej\u00f3 una herida abierta en la libertad de expresi\u00f3n.Castillo Pantale\u00f3n, quien fue pieza clave en la reapertura y judicializaci\u00f3n del caso en la d\u00e9cada de los 90, relat\u00f3 el arduo proceso de reconstruir el expediente frente a las puertas cerradas del poder.<\/p>\n<blockquote>\n<p style=\"text-align: center;\">\u00a0\u201cLa justicia demorada, aunque no borra el dolor, evita que el crimen se convierta en olvido\u201d, afirm\u00f3 el jurista ante una audiencia compuesta por periodistas, gremialistas y acad\u00e9micos.\u200b<\/p>\n<\/blockquote>\n<p style=\"text-align: justify;\">El conferencista destac\u00f3 que Orlando Mart\u00ednez no fue solo una v\u00edctima, sino un s\u00edmbolo de independencia editorial cuya columna Microscopio y su labor en la revista \u00a1Ahora! representaron una amenaza para el autoritarismo de la \u00e9poca.<\/p>\n<p style=\"text-align: justify;\">Asimismo, analiz\u00f3 c\u00f3mo el caso gener\u00f3 un \u00abclima de miedo\u00bb que oblig\u00f3 a generaciones de comunicadores a medir sus palabras, pero tambi\u00e9n c\u00f3mo su sacrificio fortaleci\u00f3 la conciencia gremial y la \u00e9tica period\u00edstica en el pa\u00eds.\u200b\u00bbOrlando es el m\u00e1rtir que nos recuerda que el periodismo es servicio p\u00fablico. Cada vez que un periodista denuncia corrupci\u00f3n o se niega a callar, est\u00e1 dialogando con su memoria\u00bb, subray\u00f3 Castillo Pantale\u00f3n, instando a los comunicadores de hoy a ejercer la palabra con valent\u00eda frente a las presiones del poder pol\u00edtico, econ\u00f3mico o militar.<\/p>\n<p style=\"text-align: justify;\">\u200bPor su parte, el Secretario General del SNTP, Manuel Ure\u00f1a \u00c1ngeles, ofreci\u00f3 un crudo contraste entre la libertad de expresi\u00f3n actual y el peligro mortal que enfrent\u00f3 Mart\u00ednez.<\/p>\n<blockquote>\n<p style=\"text-align: center;\">\u201cHoy cualquiera habla; pero hace 51 a\u00f1os, hablar de la forma en que lo hac\u00eda Orlando Mart\u00ednez, un periodista comprometido con la verdad y la justicia social, era poner su vida en peligro\u201d, manifest\u00f3 Ure\u00f1a \u00c1ngeles.<\/p>\n<\/blockquote>\n<p style=\"text-align: justify;\">El dirigente gremial record\u00f3 que la tragedia no solo alcanz\u00f3 al periodista, sino tambi\u00e9n a un hermano de este, quien fue asesinado mientras investigaba el crimen original.<\/p>\n<p style=\"text-align: justify;\">Ure\u00f1a \u00c1ngeles enfatiz\u00f3 que gracias a la valent\u00eda de Castillo Pantale\u00f3n, quien investig\u00f3 la trama a fondo desde el estrado, se logr\u00f3 romper el c\u00edrculo de impunidad y condenar a los responsables.<\/p>\n<p style=\"text-align: justify;\">\u200bAl finalizar la ponencia, el SNTP entreg\u00f3 un reconocimiento especial al Dr. Castillo Pantale\u00f3n por su invaluable aporte jur\u00eddico e hist\u00f3rico en la b\u00fasqueda de justicia para el gremio.<\/p>\n<p style=\"text-align: justify;\">En sus palabras de cierre, Manuel Ure\u00f1a \u00c1ngeles agradeci\u00f3 la magistral exposici\u00f3n y salud\u00f3 la presencia de los asistentes, destacando de manera especial a la Dra. Mercedes Rodr\u00edguez, presidenta de la Asociaci\u00f3n de Pensionados, por su constante apoyo al gremio.<\/p>\n<p style=\"text-align: justify;\">El SNTP reafirm\u00f3 su compromiso de defender a los trabajadores de la prensa y mantener a Orlando Mart\u00ednez como la \u00abbr\u00fajula moral\u00bb frente a cualquier intento de manipulaci\u00f3n de la verdad.<\/p>\n<p style=\"text-align: justify;\">El evento cont\u00f3 con la presencia de destacadas figuras como Sergio Augusto Mart\u00ednez Howley (hermano de Orlando), Aurelio Henr\u00edquez, Gabriel Cruz, Jos\u00e9 Beato, Roque Espaillat, y directivos del SNTP como Mario Lara, Edan Cadena, Janet B\u00e1ez, V\u00edctor Pe\u00f1a, Kaming Rosario Est\u00e9vez y Dario Ma\u00f1on, secretario general del SNTP- SDE.<\/p>\n<p style=\"text-align: justify;\">As\u00ed como tambien la representantes de diversas organizaciones como Rossy Terrero, Museo Orlando Mart\u00ednez, la Dra. Carol G. Mart\u00ednez presidenta del C\u00edrculo de Periodistas de la Salud (CIPESA) fungi\u00f3 como maestra de ceremonias, C\u00e9sar de la Cruz, Asociaci\u00f3n de Fotoperiodistas, m\u00e1ximo Castro y L\u00edderes de la Uni\u00f3n Nacional de Trabajadores (CAOS UNTC)<\/p>\n<p style=\"text-align: justify;\">\u200bLa jornada concluy\u00f3 con un mensaje de unidad: mientras exista un periodista dispuesto a denunciar la corrupci\u00f3n, la voz de Orlando Mart\u00ednez seguir\u00e1 viva.<\/p>\n<p>Fuente: J. B\u00e1ez<\/p>\n","protected":false},"excerpt":{"rendered":"<p>SANTO DOMINGO. \u2013 En el marco de la celebraci\u00f3n del \u00abMes del Periodista\u00bb, el Sindicato<\/p>\n","protected":false},"author":1,"featured_media":58609,"comment_status":"open","ping_status":"open","sticky":false,"template":"","format":"standard","meta":{"footnotes":""},"categories":[7],"tags":[],"class_list":["post-58608","post","type-post","status-publish","format-standard","has-post-thumbnail","hentry","category-nacionales"],"_links":{"self":[{"href":"https:\/\/defrentealaverdad.com\/index.php\/wp-json\/wp\/v2\/posts\/58608","targetHints":{"allow":["GET"]}}],"collection":[{"href":"https:\/\/defrentealaverdad.com\/index.php\/wp-json\/wp\/v2\/posts"}],"about":[{"href":"https:\/\/defrentealaverdad.com\/index.php\/wp-json\/wp\/v2\/types\/post"}],"author":[{"embeddable":true,"href":"https:\/\/defrentealaverdad.com\/index.php\/wp-json\/wp\/v2\/users\/1"}],"replies":[{"embeddable":true,"href":"https:\/\/defrentealaverdad.com\/index.php\/wp-json\/wp\/v2\/comments?post=58608"}],"version-history":[{"count":1,"href":"https:\/\/defrentealaverdad.com\/index.php\/wp-json\/wp\/v2\/posts\/58608\/revisions"}],"predecessor-version":[{"id":58610,"href":"https:\/\/defrentealaverdad.com\/index.php\/wp-json\/wp\/v2\/posts\/58608\/revisions\/58610"}],"wp:featuredmedia":[{"embeddable":true,"href":"https:\/\/defrentealaverdad.com\/index.php\/wp-json\/wp\/v2\/media\/58609"}],"wp:attachment":[{"href":"https:\/\/defrentealaverdad.com\/index.php\/wp-json\/wp\/v2\/media?parent=58608"}],"wp:term":[{"taxonomy":"category","embeddable":true,"href":"https:\/\/defrentealaverdad.com\/index.php\/wp-json\/wp\/v2\/categories?post=58608"},{"taxonomy":"post_tag","embeddable":true,"href":"https:\/\/defrentealaverdad.com\/index.php\/wp-json\/wp\/v2\/tags?post=58608"}],"curies":[{"name":"wp","href":"https:\/\/api.w.org\/{rel}","templated":true}]}}