{"id":58599,"date":"2026-04-26T19:40:09","date_gmt":"2026-04-26T19:40:09","guid":{"rendered":"https:\/\/defrentealaverdad.com\/?p=58599"},"modified":"2026-04-26T22:41:25","modified_gmt":"2026-04-26T22:41:25","slug":"raquel-aristilde-reafirma-su-compromiso-con-la-iglesia-de-dios-nuevo-mandamiento","status":"publish","type":"post","link":"https:\/\/defrentealaverdad.com\/index.php\/2026\/04\/26\/raquel-aristilde-reafirma-su-compromiso-con-la-iglesia-de-dios-nuevo-mandamiento\/","title":{"rendered":"Raquel Aristilde reafirma su compromiso con la Iglesia de Dios Nuevo Mandamiento"},"content":{"rendered":"<blockquote>\n<p style=\"text-align: center;\">Actividad realizada como parte de la Responsabilidad Social 2026 de Gafiel Florister\u00eda, bajo el liderazgo de su CEO, Raquel Aristilde.<\/p>\n<\/blockquote>\n<p style=\"text-align: justify;\"><strong>Santo Domingo, RD<\/strong> \u2013 La empresaria y l\u00edder comunitaria Raquel Aristilde contin\u00faa fortaleciendo su v\u00ednculo con la Iglesia de Dios Nuevo Mandamiento, al apoyar una jornada especial organizada junto al ministerio de adolescentes.<\/p>\n<p style=\"text-align: justify;\">En el encuentro participaron 50 adolescentes, quienes disfrutaron de un espacio creativo y espiritual guiado por los expertos en cajas personalizadas Creacioneslina, Lina Alcal\u00e1 y Franklin Roja. Los asistentes aprendieron a elaborar cajas con palabras motivadoras inspiradas en citas b\u00edblicas y a crear una cruz, resaltando su profundo significado espiritual como s\u00edmbolo de fe y esperanza.<\/p>\n<p style=\"text-align: justify;\">Durante la jornada, se entreg\u00f3 un certificado de reconocimiento a Creaciones Lina, destacando su valiosa contribuci\u00f3n en la formaci\u00f3n creativa y espiritual de los adolescentes.<\/p>\n<p style=\"text-align: justify;\">La actividad cont\u00f3 con el respaldo del equipo l\u00edderes de la iglesia, Gadiel Florister\u00eda, Grupo Aper y Producciones Creativa, instituciones que se sumaron al esfuerzo de promover valores, creatividad y uni\u00f3n comunitaria.<\/p>\n<p style=\"text-align: justify;\">Con esta iniciativa, Raquel Aristilde reafirma su compromiso de impulsar espacios que fortalezcan la fe, la creatividad y el liderazgo de los adolescentes, contribuyendo al desarrollo integral de la comunidad.<\/p>\n<p>Fuente: Juntos en Familia<\/p>\n","protected":false},"excerpt":{"rendered":"<p>Actividad realizada como parte de la Responsabilidad Social 2026 de Gafiel Florister\u00eda, bajo el liderazgo<\/p>\n","protected":false},"author":1,"featured_media":58600,"comment_status":"open","ping_status":"open","sticky":false,"template":"","format":"standard","meta":{"footnotes":""},"categories":[7],"tags":[],"class_list":["post-58599","post","type-post","status-publish","format-standard","has-post-thumbnail","hentry","category-nacionales"],"_links":{"self":[{"href":"https:\/\/defrentealaverdad.com\/index.php\/wp-json\/wp\/v2\/posts\/58599","targetHints":{"allow":["GET"]}}],"collection":[{"href":"https:\/\/defrentealaverdad.com\/index.php\/wp-json\/wp\/v2\/posts"}],"about":[{"href":"https:\/\/defrentealaverdad.com\/index.php\/wp-json\/wp\/v2\/types\/post"}],"author":[{"embeddable":true,"href":"https:\/\/defrentealaverdad.com\/index.php\/wp-json\/wp\/v2\/users\/1"}],"replies":[{"embeddable":true,"href":"https:\/\/defrentealaverdad.com\/index.php\/wp-json\/wp\/v2\/comments?post=58599"}],"version-history":[{"count":1,"href":"https:\/\/defrentealaverdad.com\/index.php\/wp-json\/wp\/v2\/posts\/58599\/revisions"}],"predecessor-version":[{"id":58601,"href":"https:\/\/defrentealaverdad.com\/index.php\/wp-json\/wp\/v2\/posts\/58599\/revisions\/58601"}],"wp:featuredmedia":[{"embeddable":true,"href":"https:\/\/defrentealaverdad.com\/index.php\/wp-json\/wp\/v2\/media\/58600"}],"wp:attachment":[{"href":"https:\/\/defrentealaverdad.com\/index.php\/wp-json\/wp\/v2\/media?parent=58599"}],"wp:term":[{"taxonomy":"category","embeddable":true,"href":"https:\/\/defrentealaverdad.com\/index.php\/wp-json\/wp\/v2\/categories?post=58599"},{"taxonomy":"post_tag","embeddable":true,"href":"https:\/\/defrentealaverdad.com\/index.php\/wp-json\/wp\/v2\/tags?post=58599"}],"curies":[{"name":"wp","href":"https:\/\/api.w.org\/{rel}","templated":true}]}}