{"id":58594,"date":"2026-04-26T18:45:53","date_gmt":"2026-04-26T18:45:53","guid":{"rendered":"https:\/\/defrentealaverdad.com\/?p=58594"},"modified":"2026-04-26T21:59:14","modified_gmt":"2026-04-26T21:59:14","slug":"jenifer-perez-tejeda-se-destaca-en-el-festival-de-escritura-dominicana-feds","status":"publish","type":"post","link":"https:\/\/defrentealaverdad.com\/index.php\/2026\/04\/26\/jenifer-perez-tejeda-se-destaca-en-el-festival-de-escritura-dominicana-feds\/","title":{"rendered":"Jenifer P\u00e9rez Tejeda se destaca en el Festival de Escritura Dominicana (FEDS)"},"content":{"rendered":"<p style=\"text-align: justify;\"><strong>Santo Domingo, Rep\u00fablica Dominicana<\/strong>. \u2014 La escritora y comunicadora dominicana Jenifer P\u00e9rez Tejeda tuvo una participaci\u00f3n destacada en el Festival de Escritura Dominicana (FEDS), consolid\u00e1ndose como una de las voces relevantes dentro de este importante espacio de promoci\u00f3n literaria en el pa\u00eds.<\/p>\n<p style=\"text-align: justify;\">Durante el desarrollo del festival, P\u00e9rez Tejeda form\u00f3 parte de las actividades que re\u00fanen a autores, lectores y gestores culturales, aportando desde su experiencia y trayectoria al fortalecimiento del di\u00e1logo literario contempor\u00e1neo. Su presencia fue valorada por su capacidad de conectar con el p\u00fablico y compartir perspectivas aut\u00e9nticas sobre el proceso creativo y la escritura.<\/p>\n<p style=\"text-align: justify;\">A trav\u00e9s de las publicaciones difundidas en plataformas digitales, se evidencian momentos significativos de su participaci\u00f3n, en los que se resalta su cercan\u00eda, claridad expositiva y compromiso con la promoci\u00f3n de la literatura dominicana.<\/p>\n<p><strong>Trayectoria profesional y perfil literario<\/strong><\/p>\n<p style=\"text-align: justify;\">Jenifer P\u00e9rez Tejeda es una reconocida escritora, docente y comunicadora dominicana, cuya obra se caracteriza por un enfoque \u00edntimo y reflexivo sobre las experiencias humanas.<\/p>\n<p style=\"text-align: justify;\">Ha construido una propuesta literaria que dialoga con temas de identidad, emociones y vivencias cotidianas, conectando con una amplia audiencia.<\/p>\n<p style=\"text-align: justify;\">Es autora de obras como \u00abLuza\u00bb y \u00abDiez Minutos\u00bb, publicaciones que han sido bien recibidas por su estilo directo y su profundidad narrativa. Su trabajo trasciende el \u00e1mbito literario, integrando la comunicaci\u00f3n como herramienta para inspirar, educar y generar impacto en distintos espacios.<\/p>\n<p style=\"text-align: justify;\">El Festival de Escritura Dominicana (FEDS) contin\u00faa posicion\u00e1ndose como una plataforma clave para visibilizar el talento nacional, y la participaci\u00f3n de figuras como Jenifer P\u00e9rez Tejeda reafirma el dinamismo y la riqueza del panorama literario dominicano<\/p>\n<p>&nbsp;<\/p>\n<p>Fuente: Equipo JPT<\/p>\n","protected":false},"excerpt":{"rendered":"<p>Santo Domingo, Rep\u00fablica Dominicana. \u2014 La escritora y comunicadora dominicana Jenifer P\u00e9rez Tejeda tuvo una<\/p>\n","protected":false},"author":4,"featured_media":58595,"comment_status":"open","ping_status":"open","sticky":false,"template":"","format":"standard","meta":{"footnotes":""},"categories":[245],"tags":[],"class_list":["post-58594","post","type-post","status-publish","format-standard","has-post-thumbnail","hentry","category-cultura"],"_links":{"self":[{"href":"https:\/\/defrentealaverdad.com\/index.php\/wp-json\/wp\/v2\/posts\/58594","targetHints":{"allow":["GET"]}}],"collection":[{"href":"https:\/\/defrentealaverdad.com\/index.php\/wp-json\/wp\/v2\/posts"}],"about":[{"href":"https:\/\/defrentealaverdad.com\/index.php\/wp-json\/wp\/v2\/types\/post"}],"author":[{"embeddable":true,"href":"https:\/\/defrentealaverdad.com\/index.php\/wp-json\/wp\/v2\/users\/4"}],"replies":[{"embeddable":true,"href":"https:\/\/defrentealaverdad.com\/index.php\/wp-json\/wp\/v2\/comments?post=58594"}],"version-history":[{"count":3,"href":"https:\/\/defrentealaverdad.com\/index.php\/wp-json\/wp\/v2\/posts\/58594\/revisions"}],"predecessor-version":[{"id":58598,"href":"https:\/\/defrentealaverdad.com\/index.php\/wp-json\/wp\/v2\/posts\/58594\/revisions\/58598"}],"wp:featuredmedia":[{"embeddable":true,"href":"https:\/\/defrentealaverdad.com\/index.php\/wp-json\/wp\/v2\/media\/58595"}],"wp:attachment":[{"href":"https:\/\/defrentealaverdad.com\/index.php\/wp-json\/wp\/v2\/media?parent=58594"}],"wp:term":[{"taxonomy":"category","embeddable":true,"href":"https:\/\/defrentealaverdad.com\/index.php\/wp-json\/wp\/v2\/categories?post=58594"},{"taxonomy":"post_tag","embeddable":true,"href":"https:\/\/defrentealaverdad.com\/index.php\/wp-json\/wp\/v2\/tags?post=58594"}],"curies":[{"name":"wp","href":"https:\/\/api.w.org\/{rel}","templated":true}]}}