{"id":58591,"date":"2026-04-26T14:46:06","date_gmt":"2026-04-26T14:46:06","guid":{"rendered":"https:\/\/defrentealaverdad.com\/?p=58591"},"modified":"2026-04-26T18:47:10","modified_gmt":"2026-04-26T18:47:10","slug":"fundespato-lleva-alivio-y-esperanza-a-ninos-especiales-en-cambita-garabitos","status":"publish","type":"post","link":"https:\/\/defrentealaverdad.com\/index.php\/2026\/04\/26\/fundespato-lleva-alivio-y-esperanza-a-ninos-especiales-en-cambita-garabitos\/","title":{"rendered":"Fundespato lleva alivio y esperanza a ni\u00f1os especiales en Cambita Garabitos"},"content":{"rendered":"<blockquote>\n<p style=\"text-align: center;\">La jornada m\u00e9dica brind\u00f3 diagn\u00f3sticos, medicamentos y asistencia a decenas de familias en condiciones vulnerables<\/p>\n<\/blockquote>\n<p style=\"text-align: justify;\"><strong>San Crist\u00f3bal, Cambita Garabitos<\/strong>.-La Fundaci\u00f3n Esperanza para Todos (Fundespato) llev\u00f3 alivio y esperanza a decenas de familias durante una jornada m\u00e9dica y de asistencia social dirigida a ni\u00f1os con condiciones especiales en Cambita Garabitos, San Crist\u00f3bal.<\/p>\n<p style=\"text-align: justify;\">La iniciativa reuni\u00f3 especialistas en pediatr\u00eda, psiquiatr\u00eda y evaluaci\u00f3n cl\u00ednica, con el objetivo de diagnosticar a menores con trastornos del espectro autista, s\u00edndrome de Down, par\u00e1lisis cerebral y otras condiciones que, en muchos casos, no hab\u00edan sido atendidas por falta de recursos.<\/p>\n<p style=\"text-align: justify;\">Adem\u00e1s de consultas m\u00e9dicas, la fundaci\u00f3n entreg\u00f3 medicamentos, pa\u00f1ales y orientaci\u00f3n a madres y tutores, quienes agradecieron el acompa\u00f1amiento y la oportunidad de acceder a atenci\u00f3n especializada para sus hijos.<\/p>\n<p style=\"text-align: justify;\">Cristina Arroyo, presidenta de Fundespato, explic\u00f3 que la jornada busca identificar a ni\u00f1os que a\u00fan no cuentan con diagn\u00f3stico, para integrarlos a programas de asistencia y facilitarles apoyo econ\u00f3mico y seguimiento m\u00e9dico.<\/p>\n<p style=\"text-align: justify;\">Durante la actividad, especialistas advirtieron sobre la alta presencia de ni\u00f1os con trastornos del neurodesarrollo en la comunidad y la necesidad de una respuesta m\u00e1s constante por parte de las autoridades.<\/p>\n<p style=\"text-align: justify;\">Para muchas familias, la jornada represent\u00f3 m\u00e1s que una consulta m\u00e9dica: fue un respiro, una gu\u00eda y la esperanza de no seguir enfrentando solas una realidad marcada por carencias y abandono.<\/p>\n<p>&nbsp;<\/p>\n<p>Fuente: G. Hungr\u00eda<\/p>\n","protected":false},"excerpt":{"rendered":"<p>La jornada m\u00e9dica brind\u00f3 diagn\u00f3sticos, medicamentos y asistencia a decenas de familias en condiciones vulnerables<\/p>\n","protected":false},"author":1,"featured_media":58592,"comment_status":"open","ping_status":"open","sticky":false,"template":"","format":"standard","meta":{"footnotes":""},"categories":[7],"tags":[],"class_list":["post-58591","post","type-post","status-publish","format-standard","has-post-thumbnail","hentry","category-nacionales"],"_links":{"self":[{"href":"https:\/\/defrentealaverdad.com\/index.php\/wp-json\/wp\/v2\/posts\/58591","targetHints":{"allow":["GET"]}}],"collection":[{"href":"https:\/\/defrentealaverdad.com\/index.php\/wp-json\/wp\/v2\/posts"}],"about":[{"href":"https:\/\/defrentealaverdad.com\/index.php\/wp-json\/wp\/v2\/types\/post"}],"author":[{"embeddable":true,"href":"https:\/\/defrentealaverdad.com\/index.php\/wp-json\/wp\/v2\/users\/1"}],"replies":[{"embeddable":true,"href":"https:\/\/defrentealaverdad.com\/index.php\/wp-json\/wp\/v2\/comments?post=58591"}],"version-history":[{"count":1,"href":"https:\/\/defrentealaverdad.com\/index.php\/wp-json\/wp\/v2\/posts\/58591\/revisions"}],"predecessor-version":[{"id":58593,"href":"https:\/\/defrentealaverdad.com\/index.php\/wp-json\/wp\/v2\/posts\/58591\/revisions\/58593"}],"wp:featuredmedia":[{"embeddable":true,"href":"https:\/\/defrentealaverdad.com\/index.php\/wp-json\/wp\/v2\/media\/58592"}],"wp:attachment":[{"href":"https:\/\/defrentealaverdad.com\/index.php\/wp-json\/wp\/v2\/media?parent=58591"}],"wp:term":[{"taxonomy":"category","embeddable":true,"href":"https:\/\/defrentealaverdad.com\/index.php\/wp-json\/wp\/v2\/categories?post=58591"},{"taxonomy":"post_tag","embeddable":true,"href":"https:\/\/defrentealaverdad.com\/index.php\/wp-json\/wp\/v2\/tags?post=58591"}],"curies":[{"name":"wp","href":"https:\/\/api.w.org\/{rel}","templated":true}]}}