{"id":58588,"date":"2026-04-26T14:30:51","date_gmt":"2026-04-26T14:30:51","guid":{"rendered":"https:\/\/defrentealaverdad.com\/?p=58588"},"modified":"2026-04-26T18:20:16","modified_gmt":"2026-04-26T18:20:16","slug":"edeeste-concluye-con-exito-mantenimiento-preventivo-en-subestacion-cnp-y-fortalece-calidad-del-servicio-electrico-en-el-distrito-nacional","status":"publish","type":"post","link":"https:\/\/defrentealaverdad.com\/index.php\/2026\/04\/26\/edeeste-concluye-con-exito-mantenimiento-preventivo-en-subestacion-cnp-y-fortalece-calidad-del-servicio-electrico-en-el-distrito-nacional\/","title":{"rendered":"EDEESTE concluye con \u00e9xito mantenimiento preventivo en Subestaci\u00f3n CNP y fortalece calidad del servicio el\u00e9ctrico en el Distrito Nacional"},"content":{"rendered":"<p style=\"text-align: justify;\"><strong>Distrito Nacional.<\/strong> \u2013 La Empresa Distribuidora de Electricidad del Este (Edeeste) inform\u00f3 que concluyeron satisfactoriamente los trabajos de mantenimiento preventivo y de readecuaci\u00f3n ejecutados este s\u00e1bado 25 de abril en los circuitos asociados a la subestaci\u00f3n C\u00e9sar Nicol\u00e1s Penson (CNP).<\/p>\n<p style=\"text-align: justify;\">Edeeste asegur\u00f3 que estas acciones forman parte un plan estrat\u00e9gico orientado en fortalecer la calidad, estabilidad y continuidad del servicio el\u00e9ctrico en importantes sectores del Distrito Nacional.<\/p>\n<p style=\"text-align: justify;\">La empresa destac\u00f3 adem\u00e1s que, las labores desarrolladas en los circuitos CNP802, CNP803, CNP804, CNP805, CNP806, CNP807, CNP808 y CNP809 fueron completadas conforme a lo programado, impactando de manera positiva sectores como Gascue, Don Bosco, Miraflores, Villa Juana, Villa Consuelo, Ciudad Colonial, Ciudad Nueva, San L\u00e1zaro, San Miguel, Santa B\u00e1rbara y Villa Francisca.<\/p>\n<p style=\"text-align: justify;\">Entre los trabajos realizados figuran la puesta en servicio de nuevas celdas, redistribuci\u00f3n de cargas entre los transformadores T01 y T02, as\u00ed como readecuaciones en redes de la calle C\u00e9sar Nicol\u00e1s Penson, intervenciones que permitir\u00e1n optimizar el desempe\u00f1o del sistema el\u00e9ctrico en la zona intervenida.<\/p>\n<p style=\"text-align: justify;\">De igual manera, brigadas t\u00e9cnicas ejecutaron labores de poda preventiva en puntos cr\u00edticos de las calles Mois\u00e9s Garc\u00eda, Manuel R. Objio, Paseo de los Periodistas y las avenidas M\u00e9xico, Francia, C\u00e9sar Nicol\u00e1s Penson y Pedro Henr\u00edquez Ure\u00f1a, contribuyendo as\u00ed a elevar la confiabilidad y seguridad operacional de las redes.<\/p>\n<p style=\"text-align: justify;\">Edeeste puntualiz\u00f3 que estos trabajos fueron desarrollados por las gerencias de Mantenimiento de Subestaciones, Mantenimiento de Redes, Proyectos de Inversi\u00f3n y Medici\u00f3n de Grandes Clientes, como parte del plan integral de modernizaci\u00f3n y fortalecimiento de la infraestructura el\u00e9ctrica que ejecuta la distribuidora.<\/p>\n<p style=\"text-align: justify;\">La compa\u00f1\u00eda el\u00e9ctrica del este agradeci\u00f3 la comprensi\u00f3n mostrada por los clientes durante la jornada de mantenimiento y reafirm\u00f3 su compromiso de continuar impulsando acciones que permitan seguir mejorando la calidad del servicio, en beneficio de todos los usuarios dentro de su zona de concesi\u00f3n.<\/p>\n<p>Fuente: Comunicaci\u00f3n y RR. PP. EDEESTE<\/p>\n","protected":false},"excerpt":{"rendered":"<p>Distrito Nacional. \u2013 La Empresa Distribuidora de Electricidad del Este (Edeeste) inform\u00f3 que concluyeron satisfactoriamente<\/p>\n","protected":false},"author":1,"featured_media":58589,"comment_status":"open","ping_status":"open","sticky":false,"template":"","format":"standard","meta":{"footnotes":""},"categories":[7],"tags":[],"class_list":["post-58588","post","type-post","status-publish","format-standard","has-post-thumbnail","hentry","category-nacionales"],"_links":{"self":[{"href":"https:\/\/defrentealaverdad.com\/index.php\/wp-json\/wp\/v2\/posts\/58588","targetHints":{"allow":["GET"]}}],"collection":[{"href":"https:\/\/defrentealaverdad.com\/index.php\/wp-json\/wp\/v2\/posts"}],"about":[{"href":"https:\/\/defrentealaverdad.com\/index.php\/wp-json\/wp\/v2\/types\/post"}],"author":[{"embeddable":true,"href":"https:\/\/defrentealaverdad.com\/index.php\/wp-json\/wp\/v2\/users\/1"}],"replies":[{"embeddable":true,"href":"https:\/\/defrentealaverdad.com\/index.php\/wp-json\/wp\/v2\/comments?post=58588"}],"version-history":[{"count":1,"href":"https:\/\/defrentealaverdad.com\/index.php\/wp-json\/wp\/v2\/posts\/58588\/revisions"}],"predecessor-version":[{"id":58590,"href":"https:\/\/defrentealaverdad.com\/index.php\/wp-json\/wp\/v2\/posts\/58588\/revisions\/58590"}],"wp:featuredmedia":[{"embeddable":true,"href":"https:\/\/defrentealaverdad.com\/index.php\/wp-json\/wp\/v2\/media\/58589"}],"wp:attachment":[{"href":"https:\/\/defrentealaverdad.com\/index.php\/wp-json\/wp\/v2\/media?parent=58588"}],"wp:term":[{"taxonomy":"category","embeddable":true,"href":"https:\/\/defrentealaverdad.com\/index.php\/wp-json\/wp\/v2\/categories?post=58588"},{"taxonomy":"post_tag","embeddable":true,"href":"https:\/\/defrentealaverdad.com\/index.php\/wp-json\/wp\/v2\/tags?post=58588"}],"curies":[{"name":"wp","href":"https:\/\/api.w.org\/{rel}","templated":true}]}}