{"id":58585,"date":"2026-04-26T15:09:09","date_gmt":"2026-04-26T15:09:09","guid":{"rendered":"https:\/\/defrentealaverdad.com\/?p=58585"},"modified":"2026-04-26T18:18:19","modified_gmt":"2026-04-26T18:18:19","slug":"dedican-a-angela-jaquez-y-reconocen-personalidades-en-el-torneo-internacional-de-softball-femenino-en-santiago","status":"publish","type":"post","link":"https:\/\/defrentealaverdad.com\/index.php\/2026\/04\/26\/dedican-a-angela-jaquez-y-reconocen-personalidades-en-el-torneo-internacional-de-softball-femenino-en-santiago\/","title":{"rendered":"Dedican a \u00c1ngela J\u00e1quez y reconocen personalidades en el torneo internacional de softball femenino en Santiago"},"content":{"rendered":"<p style=\"text-align: justify;\"><strong>Distrito Municipal Hato del Yaque, Santiago<\/strong>.\u2013 El Grupo de Medios de Telecomunicaciones Romeo Pe\u00f1a \u201cCelebrito\u201d dej\u00f3 formalmente inaugurado el Primer Torneo Internacional de Softball Femenino 2026 en la provincia de Santiago, evento dedicado de manera especial a la viceministra de Interior y Polic\u00eda, \u00c1ngela J\u00e1quez, en reconocimiento a su respaldo constante al deporte, al desarrollo comunitario y a su ardua labor en favor de la seguridad ciudadana.<\/p>\n<p style=\"text-align: justify;\">En la justa participan los equipos internacionales Team Panthers, de Ecuador; Las Amigas del Peluk, de Colombia; y Las Quisqueyanas, de Rep\u00fablica Dominicana, en un ambiente marcado por la confraternidad, el entusiasmo y la sana competencia entre las delegaciones presentes.<\/p>\n<p style=\"text-align: justify;\">Al agradecer la distinci\u00f3n recibida, \u00c1ngela J\u00e1quez reafirm\u00f3 su firme compromiso con la promoci\u00f3n del deporte como una valiosa herramienta de integraci\u00f3n social, formaci\u00f3n en valores y fortalecimiento de la salud f\u00edsica y mental de la poblaci\u00f3n.<\/p>\n<blockquote>\n<p style=\"text-align: center;\">\u201cDesde mis funciones como diputada, hoy como viceministra y tambi\u00e9n como ciudadana, siempre hemos respaldado el deporte, porque fortalece los lazos de amistad, fomenta el trabajo en equipo y contribuye de manera significativa al bienestar colectivo\u201d, expres\u00f3.<\/p>\n<\/blockquote>\n<p style=\"text-align: justify;\">Durante la ceremonia tambi\u00e9n fue reconocido Ferm\u00edn Noes\u00ed, alcalde de la Junta Distrital de Hato del Yaque, quien resalt\u00f3 la importancia de continuar promoviendo eventos deportivos que contribuyan al desarrollo integral de la juventud y al fortalecimiento de las comunidades.<\/p>\n<p style=\"text-align: justify;\">Asimismo, expres\u00f3 su orgullo al ver que el equipo de Rep\u00fablica Dominicana cuenta con jugadoras nativas de esa demarcaci\u00f3n, lo que representa un motivo de honra para el territorio que dirige. De igual manera, reafirm\u00f3 su compromiso de seguir respaldando iniciativas y actividades similares en favor del deporte y la sana convivencia.<\/p>\n<p style=\"text-align: justify;\">De igual manera, Jhonattan Erick, coordinador regional norte de Interior y Polic\u00eda, recibi\u00f3 un reconocimiento por su compromiso, entrega y dedicaci\u00f3n en favor de la seguridad ciudadana, as\u00ed como por sus valiosos aportes al fortalecimiento del deporte en la provincia de Santiago.<\/p>\n<blockquote>\n<p style=\"text-align: center;\">\u201cPara m\u00ed es un honor respaldar iniciativas como esta, ya que siempre hemos sido propulsores del deporte. Ver la celebraci\u00f3n de este torneo en Hato del Yaque y La Canela representa un motivo de satisfacci\u00f3n, porque son distritos municipales con una gran tradici\u00f3n deportiva y con potencial para seguir recibiendo eventos internacionales\u201d, manifest\u00f3.<\/p>\n<\/blockquote>\n<p style=\"text-align: justify;\">En la actividad estuvieron presentes Romeo Pe\u00f1a, presidente del comit\u00e9 organizador; Vladimir Guerra, en representaci\u00f3n de ASECENSA; entrenadores deportivos, dirigentes comunitarios, miembros de la Polic\u00eda Nacional, empresarios, representantes de los medios de comunicaci\u00f3n y otras personalidades invitadas.<\/p>\n<p>Fuente: M. M\u00e9ndez<\/p>\n","protected":false},"excerpt":{"rendered":"<p>Distrito Municipal Hato del Yaque, Santiago.\u2013 El Grupo de Medios de Telecomunicaciones Romeo Pe\u00f1a \u201cCelebrito\u201d<\/p>\n","protected":false},"author":1,"featured_media":58586,"comment_status":"open","ping_status":"open","sticky":false,"template":"","format":"standard","meta":{"footnotes":""},"categories":[7],"tags":[],"class_list":["post-58585","post","type-post","status-publish","format-standard","has-post-thumbnail","hentry","category-nacionales"],"_links":{"self":[{"href":"https:\/\/defrentealaverdad.com\/index.php\/wp-json\/wp\/v2\/posts\/58585","targetHints":{"allow":["GET"]}}],"collection":[{"href":"https:\/\/defrentealaverdad.com\/index.php\/wp-json\/wp\/v2\/posts"}],"about":[{"href":"https:\/\/defrentealaverdad.com\/index.php\/wp-json\/wp\/v2\/types\/post"}],"author":[{"embeddable":true,"href":"https:\/\/defrentealaverdad.com\/index.php\/wp-json\/wp\/v2\/users\/1"}],"replies":[{"embeddable":true,"href":"https:\/\/defrentealaverdad.com\/index.php\/wp-json\/wp\/v2\/comments?post=58585"}],"version-history":[{"count":1,"href":"https:\/\/defrentealaverdad.com\/index.php\/wp-json\/wp\/v2\/posts\/58585\/revisions"}],"predecessor-version":[{"id":58587,"href":"https:\/\/defrentealaverdad.com\/index.php\/wp-json\/wp\/v2\/posts\/58585\/revisions\/58587"}],"wp:featuredmedia":[{"embeddable":true,"href":"https:\/\/defrentealaverdad.com\/index.php\/wp-json\/wp\/v2\/media\/58586"}],"wp:attachment":[{"href":"https:\/\/defrentealaverdad.com\/index.php\/wp-json\/wp\/v2\/media?parent=58585"}],"wp:term":[{"taxonomy":"category","embeddable":true,"href":"https:\/\/defrentealaverdad.com\/index.php\/wp-json\/wp\/v2\/categories?post=58585"},{"taxonomy":"post_tag","embeddable":true,"href":"https:\/\/defrentealaverdad.com\/index.php\/wp-json\/wp\/v2\/tags?post=58585"}],"curies":[{"name":"wp","href":"https:\/\/api.w.org\/{rel}","templated":true}]}}