{"id":58582,"date":"2026-04-26T12:05:54","date_gmt":"2026-04-26T12:05:54","guid":{"rendered":"https:\/\/defrentealaverdad.com\/?p=58582"},"modified":"2026-04-26T18:16:28","modified_gmt":"2026-04-26T18:16:28","slug":"conadis-realiza-jornada-de-inclusion-social-en-azua-con-amplio-acceso-a-servicios-para-la-poblacion","status":"publish","type":"post","link":"https:\/\/defrentealaverdad.com\/index.php\/2026\/04\/26\/conadis-realiza-jornada-de-inclusion-social-en-azua-con-amplio-acceso-a-servicios-para-la-poblacion\/","title":{"rendered":"CONADIS realiza jornada de inclusi\u00f3n social en Azua con amplio acceso a servicios para la poblaci\u00f3n"},"content":{"rendered":"<p style=\"text-align: justify;\"><strong>Azua, Rep\u00fablica Dominicana<\/strong>.-El Consejo Nacional de Discapacidad llev\u00f3 a cabo una exitosa jornada de inclusi\u00f3n social en el recinto de la Universidad Aut\u00f3noma de Santo Domingo en Azua, con el objetivo de acercar servicios esenciales a la poblaci\u00f3n, especialmente a las personas con discapacidad y sus familias.<\/p>\n<p style=\"text-align: justify;\">Durante la actividad, las personas con discapacidad y sus familias pudieron acceder de manera gratuita a consultas m\u00e9dicas en las \u00e1reas de medicina general, pediatr\u00eda, cardiolog\u00eda, oftalmolog\u00eda y odontolog\u00eda, as\u00ed como servicios de vacunaci\u00f3n, entrega de medicamentos y dispositivos de apoyo. Asimismo, se realiz\u00f3 la valoraci\u00f3n y el registro de la discapacidad, tambien la entrega de dispositivos de apoyo (sillas de rueda, bastones, muletas y andadores) contribuyendo a fortalecer la inclusi\u00f3n y el acceso a derechos.<\/p>\n<p style=\"text-align: justify;\">El director ejecutivo del CONADIS, Alexis Alc\u00e1ntara, destac\u00f3 la importancia de este tipo de iniciativas, se\u00f1alando:<\/p>\n<blockquote>\n<p style=\"text-align: center;\">\u201cEstas jornadas representan un paso firme hacia la garant\u00eda de derechos de las personas con discapacidad, acercando servicios esenciales y promoviendo una atenci\u00f3n digna, oportuna e inclusiva en todo el territorio nacional\u201d.<\/p>\n<\/blockquote>\n<p style=\"text-align: justify;\">De igual manera, el presidente del Consejo Nacional de Discapacidad, Benny Metz, valor\u00f3 el impacto de la jornada y expres\u00f3:<\/p>\n<blockquote>\n<p style=\"text-align: center;\">\u201cContinuamos trabajando de manera articulada con las distintas instituciones del Estado para llevar soluciones concretas a la gente, fortaleciendo la inclusi\u00f3n social y mejorando la calidad de vida de las personas con discapacidad y sus familias\u201d.<\/p>\n<\/blockquote>\n<p style=\"text-align: justify;\">La gobernadora provincial de Azua, Mar\u00eda Minerva Navarro, resalt\u00f3 la relevancia de estas acciones en el territorio, indicando:<\/p>\n<blockquote>\n<p style=\"text-align: center;\">\u201cEste tipo de jornadas acerca el Estado a la gente, garantizando servicios esenciales y brindando oportunidades reales de inclusi\u00f3n a quienes m\u00e1s lo necesitan en nuestra provincia\u201d.<\/p>\n<\/blockquote>\n<p style=\"text-align: justify;\">Asimismo, la senadora de Azua, L\u00eda Ynocencia D\u00edaz Santana, expres\u00f3:<\/p>\n<blockquote>\n<p style=\"text-align: center;\">\u201cSeguiremos apoyando iniciativas que promuevan el bienestar de nuestra gente, especialmente de las personas con discapacidad, asegurando que reciban la atenci\u00f3n integral que merecen\u201d.<\/p>\n<\/blockquote>\n<p style=\"text-align: justify;\">Esta jornada fue posible gracias al trabajo conjunto con importantes instituciones aliadas, entre ellas la Gobernaci\u00f3n Provincial de Azua, la Oficina Senatorial de Azua, as\u00ed como el Servicio Nacional de Salud (SNS), Seguro Nacional de Salud (SENASA), Direcci\u00f3n de Informaci\u00f3n y Defensa de los Afiliados a la Seguridad Social (DIDA)y Programa Sup\u00e9rate.<\/p>\n<p style=\"text-align: justify;\">Tambi\u00e9n participaron el Sistema \u00danico de Beneficiarios (SIUBEN), Consejo Nacional de la Persona Envejeciente (CONAPE), la Direcci\u00f3n Provincial de Salud de Azua, Programa de Medicamentos Esenciales y Central de Apoyo Log\u00edstico PROMESE CAL, el Instituto Internacional de la Visi\u00f3n (INVIS) y Banreservas, quienes contribuyeron significativamente al desarrollo de esta iniciativa.<\/p>\n<p style=\"text-align: justify;\">Con este tipo de acciones, el CONADIS reafirma su compromiso de promover pol\u00edticas p\u00fablicas inclusivas y garantizar el acceso equitativo a servicios de salud, protecci\u00f3n social y bienestar para todos los ciudadanos, fortaleciendo as\u00ed la construcci\u00f3n de una sociedad m\u00e1s justa e inclusiva.<\/p>\n<p>&nbsp;<\/p>\n<p>Fuente: Comunicaciones CONADIS<\/p>\n","protected":false},"excerpt":{"rendered":"<p>Azua, Rep\u00fablica Dominicana.-El Consejo Nacional de Discapacidad llev\u00f3 a cabo una exitosa jornada de inclusi\u00f3n<\/p>\n","protected":false},"author":4,"featured_media":58583,"comment_status":"open","ping_status":"open","sticky":false,"template":"","format":"standard","meta":{"footnotes":""},"categories":[7],"tags":[],"class_list":["post-58582","post","type-post","status-publish","format-standard","has-post-thumbnail","hentry","category-nacionales"],"_links":{"self":[{"href":"https:\/\/defrentealaverdad.com\/index.php\/wp-json\/wp\/v2\/posts\/58582","targetHints":{"allow":["GET"]}}],"collection":[{"href":"https:\/\/defrentealaverdad.com\/index.php\/wp-json\/wp\/v2\/posts"}],"about":[{"href":"https:\/\/defrentealaverdad.com\/index.php\/wp-json\/wp\/v2\/types\/post"}],"author":[{"embeddable":true,"href":"https:\/\/defrentealaverdad.com\/index.php\/wp-json\/wp\/v2\/users\/4"}],"replies":[{"embeddable":true,"href":"https:\/\/defrentealaverdad.com\/index.php\/wp-json\/wp\/v2\/comments?post=58582"}],"version-history":[{"count":1,"href":"https:\/\/defrentealaverdad.com\/index.php\/wp-json\/wp\/v2\/posts\/58582\/revisions"}],"predecessor-version":[{"id":58584,"href":"https:\/\/defrentealaverdad.com\/index.php\/wp-json\/wp\/v2\/posts\/58582\/revisions\/58584"}],"wp:featuredmedia":[{"embeddable":true,"href":"https:\/\/defrentealaverdad.com\/index.php\/wp-json\/wp\/v2\/media\/58583"}],"wp:attachment":[{"href":"https:\/\/defrentealaverdad.com\/index.php\/wp-json\/wp\/v2\/media?parent=58582"}],"wp:term":[{"taxonomy":"category","embeddable":true,"href":"https:\/\/defrentealaverdad.com\/index.php\/wp-json\/wp\/v2\/categories?post=58582"},{"taxonomy":"post_tag","embeddable":true,"href":"https:\/\/defrentealaverdad.com\/index.php\/wp-json\/wp\/v2\/tags?post=58582"}],"curies":[{"name":"wp","href":"https:\/\/api.w.org\/{rel}","templated":true}]}}