{"id":58579,"date":"2026-04-26T14:13:23","date_gmt":"2026-04-26T14:13:23","guid":{"rendered":"https:\/\/defrentealaverdad.com\/?p=58579"},"modified":"2026-04-26T18:14:18","modified_gmt":"2026-04-26T18:14:18","slug":"milciades-guevara-presenta-las-10-alcaldias-con-mas-bajo-desempeno-del-primer-trimestre-2026","status":"publish","type":"post","link":"https:\/\/defrentealaverdad.com\/index.php\/2026\/04\/26\/milciades-guevara-presenta-las-10-alcaldias-con-mas-bajo-desempeno-del-primer-trimestre-2026\/","title":{"rendered":"Milc\u00edades Guevara presenta las 10 alcald\u00edas con m\u00e1s bajo desempe\u00f1o del primer trimestre 2026"},"content":{"rendered":"<blockquote>\n<p style=\"text-align: center;\">Advierte falta de vigilancia de los organismos t\u00e9cnicos y los partidos pol\u00edticos, ya que para este periodo ninguna alcanz\u00f3 el 90% de los indicadores. La<\/p>\n<\/blockquote>\n<p style=\"text-align: justify;\">Santo Domingo. \u2013 El polit\u00f3logo, abogado y comunicador Milc\u00edades Guevara De La Paz (MILGUEDEP) expres\u00f3 su preocupaci\u00f3n por los resultados de los gobiernos locales en el Sistema de Monitoreo de la Administraci\u00f3n P\u00fablica Municipal (SISMAP Municipal) correspondientes al primer trimestre del a\u00f1o, resaltando las diez con la menor puntuaci\u00f3n.<\/p>\n<p style=\"text-align: justify;\">Durante su intervenci\u00f3n en el programa \u201cMunicipalidad y Negocios\u201d, que conduce junto a Ilanet Canela, Guevara destac\u00f3 que los ayuntamientos de Villa V\u00e1squez (25.18 %), Pedro Brand (24.82 %), Las Charcas (23.57 %), Tamayo (23.39 %), El Valle (22.32 %), Rancho Arriba (20.54 %), Cambita Garabitos (19.11 %), Sabana de la Mar (18.57 %), Las Salinas (17.50 %) y Fundaci\u00f3n (15.93 %), as\u00ed como Arenoso (13.57 %), \u201ctienen la peor puntuaci\u00f3n\u201d.<\/p>\n<p style=\"text-align: justify;\">Resalt\u00f3 que se visibiliza una debilidad en los organismos t\u00e9cnicos de la municipalidad y de los gremios que lideran el sector y que adem\u00e1s, esto debe ser un indicador para que los organismos de transparencia intervengan de inmediato.<\/p>\n<blockquote>\n<p style=\"text-align: center;\">\u201cEsto visibiliza que muchos de los gobiernos locales no tienen la capacidad, muchas veces t\u00e9cnicas, para trabajar indicadores en el portal, lo que de traduce tambi\u00e9n en una falta de apoyo de organismos como la Liga Municipal y la Federaci\u00f3n Dominicana de Municipios (FEDOMU), Ministerio de Administraci\u00f3n P\u00fablica (MAP) y m\u00e1s a\u00fan, es un indicador que debe llamar a la atenci\u00f3n a la C\u00e1mara de Cuentas, la Procuradur\u00eda General de la Rep\u00fablica y todos los organismos de fiscalizaci\u00f3n\u201d, resalt\u00f3 Guevara.<\/p>\n<\/blockquote>\n<p style=\"text-align: justify;\">Las declaraciones fueron realizadas en el programa \u201cMunicipalidad y Negocios\u201d, transmitido los s\u00e1bados por el canal Ruta 66, canal 66 de Altice y Claro.<\/p>\n<p>Fuente: Prensa \u201cMunicipalidad y Negocios\u201d<\/p>\n","protected":false},"excerpt":{"rendered":"<p>Advierte falta de vigilancia de los organismos t\u00e9cnicos y los partidos pol\u00edticos, ya que para<\/p>\n","protected":false},"author":1,"featured_media":58580,"comment_status":"open","ping_status":"open","sticky":false,"template":"","format":"standard","meta":{"footnotes":""},"categories":[7],"tags":[],"class_list":["post-58579","post","type-post","status-publish","format-standard","has-post-thumbnail","hentry","category-nacionales"],"_links":{"self":[{"href":"https:\/\/defrentealaverdad.com\/index.php\/wp-json\/wp\/v2\/posts\/58579","targetHints":{"allow":["GET"]}}],"collection":[{"href":"https:\/\/defrentealaverdad.com\/index.php\/wp-json\/wp\/v2\/posts"}],"about":[{"href":"https:\/\/defrentealaverdad.com\/index.php\/wp-json\/wp\/v2\/types\/post"}],"author":[{"embeddable":true,"href":"https:\/\/defrentealaverdad.com\/index.php\/wp-json\/wp\/v2\/users\/1"}],"replies":[{"embeddable":true,"href":"https:\/\/defrentealaverdad.com\/index.php\/wp-json\/wp\/v2\/comments?post=58579"}],"version-history":[{"count":1,"href":"https:\/\/defrentealaverdad.com\/index.php\/wp-json\/wp\/v2\/posts\/58579\/revisions"}],"predecessor-version":[{"id":58581,"href":"https:\/\/defrentealaverdad.com\/index.php\/wp-json\/wp\/v2\/posts\/58579\/revisions\/58581"}],"wp:featuredmedia":[{"embeddable":true,"href":"https:\/\/defrentealaverdad.com\/index.php\/wp-json\/wp\/v2\/media\/58580"}],"wp:attachment":[{"href":"https:\/\/defrentealaverdad.com\/index.php\/wp-json\/wp\/v2\/media?parent=58579"}],"wp:term":[{"taxonomy":"category","embeddable":true,"href":"https:\/\/defrentealaverdad.com\/index.php\/wp-json\/wp\/v2\/categories?post=58579"},{"taxonomy":"post_tag","embeddable":true,"href":"https:\/\/defrentealaverdad.com\/index.php\/wp-json\/wp\/v2\/tags?post=58579"}],"curies":[{"name":"wp","href":"https:\/\/api.w.org\/{rel}","templated":true}]}}