{"id":58576,"date":"2026-04-26T11:15:22","date_gmt":"2026-04-26T11:15:22","guid":{"rendered":"https:\/\/defrentealaverdad.com\/?p=58576"},"modified":"2026-04-26T18:12:45","modified_gmt":"2026-04-26T18:12:45","slug":"seguros-universal-reconoce-la-excelencia-de-sus-corredores-en-2025","status":"publish","type":"post","link":"https:\/\/defrentealaverdad.com\/index.php\/2026\/04\/26\/seguros-universal-reconoce-la-excelencia-de-sus-corredores-en-2025\/","title":{"rendered":"Seguros Universal reconoce la excelencia de sus corredores en 2025"},"content":{"rendered":"<p style=\"text-align: justify;\"><strong>Santo Domingo, Rep. Dom<\/strong>.- Seguros Universal reconoci\u00f3 a los corredores con mejor desempe\u00f1o durante el 2025, destacando a Marsh Franco Acra como el mayor productor a nivel nacional y a Ros &amp; Asociados por su crecimiento sostenido en distintas regiones del pa\u00eds.<\/p>\n<p style=\"text-align: justify;\">En su tradicional premiaci\u00f3n a corredores, la empresa resalt\u00f3 los resultados alcanzados por sus aliados comerciales, tomando en cuenta indicadores como el incremento en primas y la productividad. En esta edici\u00f3n fueron reconocidos corredores de las zonas Este, Metro-Sur y Norte, quienes evidenciaron un desempe\u00f1o destacado y un alto nivel de compromiso.<\/p>\n<p style=\"text-align: justify;\">En la categor\u00eda \u201cDiamante\u201d, Ros &amp; Asociados fue premiado por su crecimiento en primas en las zonas Este y Metro-Sur, consolidando su liderazgo y consistencia en resultados. A nivel nacional, la firma tambi\u00e9n alcanz\u00f3 el primer lugar en incremento en primas, reafirmando su posicionamiento como l\u00edder en crecimiento.<\/p>\n<p style=\"text-align: justify;\">Por su parte, Marsh Franco Acra se posicion\u00f3 como el mayor productor del a\u00f1o, reflejando su capacidad comercial y alcance en el mercado. En la regi\u00f3n Norte, la empresa tambi\u00e9n logr\u00f3 una destacada participaci\u00f3n en los resultados de crecimiento, mientras que Max Corredores de Seguros fue reconocida en esta zona por su desempe\u00f1o, ocupando el segundo lugar en su categor\u00eda.<\/p>\n<p style=\"text-align: justify;\">En el marco de la actividad, el presidente ejecutivo de Grupo Universal, Rafael E. Izquierdo, destac\u00f3 la visi\u00f3n estrat\u00e9gica de este conglomerado y su impacto en el desarrollo del pa\u00eds.<\/p>\n<blockquote>\n<p style=\"text-align: center;\">\u201cEn Grupo Universal entramos a una nueva etapa con bases s\u00f3lidas y la convicci\u00f3n de que el crecimiento sostenible se construye con coherencia estrat\u00e9gica, ejecuci\u00f3n responsable y un prop\u00f3sito claro: aportar al desarrollo del pa\u00eds a trav\u00e9s de una mejor empresa\u201d, expres\u00f3.<\/p>\n<\/blockquote>\n<p style=\"text-align: justify;\">De su lado, el vicepresidente ejecutivo senior de las filiales de seguros, Wilfredo Baquero, subray\u00f3 las proyecciones de la organizaci\u00f3n de cara al pr\u00f3ximo a\u00f1o.<\/p>\n<p style=\"text-align: center;\">\u201cMirando hacia el 2026, el mensaje es claro: vamos a seguir creciendo, vamos a ser m\u00e1s eficientes, vamos a aprovechar mejor la tecnolog\u00eda y vamos a seguir transform\u00e1ndonos\u201d, afirm\u00f3.<\/p>\n<p style=\"text-align: justify;\">Con esta premiaci\u00f3n, Seguros Universal reafirma su compromiso con la excelencia, el fortalecimiento de su red de corredores y el impulso de un sector asegurador m\u00e1s s\u00f3lido y competitivo en la Rep\u00fablica Dominicana.<\/p>\n<p><strong>Sobre Seguros Universal<\/strong><\/p>\n<p style=\"text-align: justify;\">Seguros Universal es una aseguradora dominicana con m\u00e1s de 60 a\u00f1os de experiencia en la gesti\u00f3n de riesgos y soluciones de protecci\u00f3n. Forma parte de Grupo Universal y mantiene una posici\u00f3n de liderazgo en el mercado local y referente en Centroam\u00e9rica y el Caribe.<\/p>\n<p>&nbsp;<\/p>\n<p>&nbsp;<\/p>\n<p>&nbsp;<\/p>\n<p>Fuente: Prensa Seguros Universal<\/p>\n","protected":false},"excerpt":{"rendered":"<p>Santo Domingo, Rep. Dom.- Seguros Universal reconoci\u00f3 a los corredores con mejor desempe\u00f1o durante el<\/p>\n","protected":false},"author":1,"featured_media":58577,"comment_status":"open","ping_status":"open","sticky":false,"template":"","format":"standard","meta":{"footnotes":""},"categories":[7],"tags":[],"class_list":["post-58576","post","type-post","status-publish","format-standard","has-post-thumbnail","hentry","category-nacionales"],"_links":{"self":[{"href":"https:\/\/defrentealaverdad.com\/index.php\/wp-json\/wp\/v2\/posts\/58576","targetHints":{"allow":["GET"]}}],"collection":[{"href":"https:\/\/defrentealaverdad.com\/index.php\/wp-json\/wp\/v2\/posts"}],"about":[{"href":"https:\/\/defrentealaverdad.com\/index.php\/wp-json\/wp\/v2\/types\/post"}],"author":[{"embeddable":true,"href":"https:\/\/defrentealaverdad.com\/index.php\/wp-json\/wp\/v2\/users\/1"}],"replies":[{"embeddable":true,"href":"https:\/\/defrentealaverdad.com\/index.php\/wp-json\/wp\/v2\/comments?post=58576"}],"version-history":[{"count":1,"href":"https:\/\/defrentealaverdad.com\/index.php\/wp-json\/wp\/v2\/posts\/58576\/revisions"}],"predecessor-version":[{"id":58578,"href":"https:\/\/defrentealaverdad.com\/index.php\/wp-json\/wp\/v2\/posts\/58576\/revisions\/58578"}],"wp:featuredmedia":[{"embeddable":true,"href":"https:\/\/defrentealaverdad.com\/index.php\/wp-json\/wp\/v2\/media\/58577"}],"wp:attachment":[{"href":"https:\/\/defrentealaverdad.com\/index.php\/wp-json\/wp\/v2\/media?parent=58576"}],"wp:term":[{"taxonomy":"category","embeddable":true,"href":"https:\/\/defrentealaverdad.com\/index.php\/wp-json\/wp\/v2\/categories?post=58576"},{"taxonomy":"post_tag","embeddable":true,"href":"https:\/\/defrentealaverdad.com\/index.php\/wp-json\/wp\/v2\/tags?post=58576"}],"curies":[{"name":"wp","href":"https:\/\/api.w.org\/{rel}","templated":true}]}}