{"id":58573,"date":"2026-04-26T14:08:27","date_gmt":"2026-04-26T14:08:27","guid":{"rendered":"https:\/\/defrentealaverdad.com\/?p=58573"},"modified":"2026-04-26T14:08:27","modified_gmt":"2026-04-26T14:08:27","slug":"este-26-de-abril-la-republica-dominicana-reconocen-la-labor-esencial-de-las-secretarias-en-su-dia","status":"publish","type":"post","link":"https:\/\/defrentealaverdad.com\/index.php\/2026\/04\/26\/este-26-de-abril-la-republica-dominicana-reconocen-la-labor-esencial-de-las-secretarias-en-su-dia\/","title":{"rendered":"Este 26 de abril, la Rep\u00fablica Dominicana reconocen la labor esencial de las secretarias en su d\u00eda"},"content":{"rendered":"<p style=\"text-align: justify;\">Por Julia S\u00e1nchez<\/p>\n<p style=\"text-align: justify;\"><strong>Santo Domingo, Rep\u00fablica Dominicana.\u00a0 Abril de 2026.<\/strong> \u2014 En ocasi\u00f3n de celebrarse este 26 de abril el D\u00eda de las Secretarias, diversas instituciones y organizaciones resaltan el valioso aporte de estos profesionales al funcionamiento eficiente de las entidades p\u00fablicas y privadas del pa\u00eds.<\/p>\n<p style=\"text-align: justify;\">Las secretarias desempe\u00f1an un rol clave en la gesti\u00f3n administrativa, sirviendo como eje de coordinaci\u00f3n, organizaci\u00f3n y apoyo estrat\u00e9gico en los procesos internos. Su labor, caracterizada por la responsabilidad, discreci\u00f3n y compromiso, contribuye significativamente al logro de los objetivos institucionales.<\/p>\n<p style=\"text-align: justify;\">En el contexto actual, marcado por la transformaci\u00f3n digital y la evoluci\u00f3n de los entornos laborales, el rol de las secretarias ha experimentado una notable ampliaci\u00f3n, integrando nuevas competencias tecnol\u00f3gicas, comunicacionales y de gesti\u00f3n, lo que fortalece su perfil profesional y su impacto dentro de las organizaciones.<\/p>\n<p style=\"text-align: justify;\">Asimismo, se reconoce la capacidad de adaptaci\u00f3n, la vocaci\u00f3n de servicio y la \u00e9tica profesional que distinguen a quienes ejercen esta funci\u00f3n, convirti\u00e9ndolas en piezas fundamentales para la continuidad y calidad de los servicios.<\/p>\n<p style=\"text-align: justify;\">En este d\u00eda especial, se extiende un reconocimiento a todas las secretarias por su dedicaci\u00f3n, esfuerzo y contribuci\u00f3n al desarrollo institucional y organizacional, destacando su papel como soporte indispensable en la din\u00e1mica laboral.<\/p>\n<p>Fuente: List\u00edn Diario<\/p>\n","protected":false},"excerpt":{"rendered":"<p>Por Julia S\u00e1nchez Santo Domingo, Rep\u00fablica Dominicana.\u00a0 Abril de 2026. \u2014 En ocasi\u00f3n de celebrarse<\/p>\n","protected":false},"author":2,"featured_media":58574,"comment_status":"open","ping_status":"open","sticky":false,"template":"","format":"standard","meta":{"footnotes":""},"categories":[7],"tags":[],"class_list":["post-58573","post","type-post","status-publish","format-standard","has-post-thumbnail","hentry","category-nacionales"],"_links":{"self":[{"href":"https:\/\/defrentealaverdad.com\/index.php\/wp-json\/wp\/v2\/posts\/58573","targetHints":{"allow":["GET"]}}],"collection":[{"href":"https:\/\/defrentealaverdad.com\/index.php\/wp-json\/wp\/v2\/posts"}],"about":[{"href":"https:\/\/defrentealaverdad.com\/index.php\/wp-json\/wp\/v2\/types\/post"}],"author":[{"embeddable":true,"href":"https:\/\/defrentealaverdad.com\/index.php\/wp-json\/wp\/v2\/users\/2"}],"replies":[{"embeddable":true,"href":"https:\/\/defrentealaverdad.com\/index.php\/wp-json\/wp\/v2\/comments?post=58573"}],"version-history":[{"count":1,"href":"https:\/\/defrentealaverdad.com\/index.php\/wp-json\/wp\/v2\/posts\/58573\/revisions"}],"predecessor-version":[{"id":58575,"href":"https:\/\/defrentealaverdad.com\/index.php\/wp-json\/wp\/v2\/posts\/58573\/revisions\/58575"}],"wp:featuredmedia":[{"embeddable":true,"href":"https:\/\/defrentealaverdad.com\/index.php\/wp-json\/wp\/v2\/media\/58574"}],"wp:attachment":[{"href":"https:\/\/defrentealaverdad.com\/index.php\/wp-json\/wp\/v2\/media?parent=58573"}],"wp:term":[{"taxonomy":"category","embeddable":true,"href":"https:\/\/defrentealaverdad.com\/index.php\/wp-json\/wp\/v2\/categories?post=58573"},{"taxonomy":"post_tag","embeddable":true,"href":"https:\/\/defrentealaverdad.com\/index.php\/wp-json\/wp\/v2\/tags?post=58573"}],"curies":[{"name":"wp","href":"https:\/\/api.w.org\/{rel}","templated":true}]}}