{"id":58570,"date":"2026-04-26T09:33:53","date_gmt":"2026-04-26T09:33:53","guid":{"rendered":"https:\/\/defrentealaverdad.com\/?p=58570"},"modified":"2026-04-26T13:55:26","modified_gmt":"2026-04-26T13:55:26","slug":"ejercito-detiene-a-30-indocumentados-en-operativo-realizado-en-zona-montanosa-de-santiago-rodriguez","status":"publish","type":"post","link":"https:\/\/defrentealaverdad.com\/index.php\/2026\/04\/26\/ejercito-detiene-a-30-indocumentados-en-operativo-realizado-en-zona-montanosa-de-santiago-rodriguez\/","title":{"rendered":"Ej\u00e9rcito detiene a 30 indocumentados en operativo realizado en zona monta\u00f1osa de Santiago Rodr\u00edguez"},"content":{"rendered":"<p>Por F\u00e9lix Rubio<\/p>\n<p style=\"text-align: justify;\"><strong>Santiago Rodr\u00edguez, R.D.<\/strong>\u2014 Un grupo de treinta (30) nacionales haitianos en condici\u00f3n migratoria irregular fue interceptado por soldados del Ej\u00e9rcito de Rep\u00fablica Dominicana (ERD), durante un operativo realizado en una zona monta\u00f1osa del distrito de La Leonor, provincia Santiago Rodr\u00edguez.<\/p>\n<p style=\"text-align: justify;\">Los miembros del ERD, asignados al Destacamento La Leonor, interceptaron al grupo mientras intentaba ingresar de manera ilegal al territorio dominicano por las monta\u00f1as del sector El Cajuil, al oeste de la referida comunidad.<\/p>\n<p style=\"text-align: justify;\">Del total de detenidos, veintitr\u00e9s (23) son hombres, seis (6) mujeres y un (1) menor de edad, todos en condici\u00f3n migratoria irregular.<\/p>\n<p style=\"text-align: justify;\">El operativo fue ejecutado en coordinaci\u00f3n con autoridades locales del \u00e1rea, como parte de las acciones de vigilancia y control en la zona fronteriza.<\/p>\n<p style=\"text-align: justify;\">Los extranjeros indocumentados fueron trasladados bajo custodia a la sede de la 4ta. Brigada de Infanter\u00eda del ERD, para los procesos legales correspondientes y su posteriormente ser entregados a la Direcci\u00f3n General de Migraci\u00f3n (DGM).<\/p>\n<p style=\"text-align: justify;\">El Ej\u00e9rcito de Rep\u00fablica Dominicana continuar\u00e1 fortaleciendo la seguridad fronteriza y combatiendo las redes de trata y tr\u00e1fico de personas.<\/p>\n<p>&nbsp;<\/p>\n<p>Fuente: Ej\u00e9rcito de Rep\u00fablica Dominicana<\/p>\n","protected":false},"excerpt":{"rendered":"<p>Por F\u00e9lix Rubio Santiago Rodr\u00edguez, R.D.\u2014 Un grupo de treinta (30) nacionales haitianos en condici\u00f3n<\/p>\n","protected":false},"author":1,"featured_media":58571,"comment_status":"open","ping_status":"open","sticky":false,"template":"","format":"standard","meta":{"footnotes":""},"categories":[7],"tags":[],"class_list":["post-58570","post","type-post","status-publish","format-standard","has-post-thumbnail","hentry","category-nacionales"],"_links":{"self":[{"href":"https:\/\/defrentealaverdad.com\/index.php\/wp-json\/wp\/v2\/posts\/58570","targetHints":{"allow":["GET"]}}],"collection":[{"href":"https:\/\/defrentealaverdad.com\/index.php\/wp-json\/wp\/v2\/posts"}],"about":[{"href":"https:\/\/defrentealaverdad.com\/index.php\/wp-json\/wp\/v2\/types\/post"}],"author":[{"embeddable":true,"href":"https:\/\/defrentealaverdad.com\/index.php\/wp-json\/wp\/v2\/users\/1"}],"replies":[{"embeddable":true,"href":"https:\/\/defrentealaverdad.com\/index.php\/wp-json\/wp\/v2\/comments?post=58570"}],"version-history":[{"count":1,"href":"https:\/\/defrentealaverdad.com\/index.php\/wp-json\/wp\/v2\/posts\/58570\/revisions"}],"predecessor-version":[{"id":58572,"href":"https:\/\/defrentealaverdad.com\/index.php\/wp-json\/wp\/v2\/posts\/58570\/revisions\/58572"}],"wp:featuredmedia":[{"embeddable":true,"href":"https:\/\/defrentealaverdad.com\/index.php\/wp-json\/wp\/v2\/media\/58571"}],"wp:attachment":[{"href":"https:\/\/defrentealaverdad.com\/index.php\/wp-json\/wp\/v2\/media?parent=58570"}],"wp:term":[{"taxonomy":"category","embeddable":true,"href":"https:\/\/defrentealaverdad.com\/index.php\/wp-json\/wp\/v2\/categories?post=58570"},{"taxonomy":"post_tag","embeddable":true,"href":"https:\/\/defrentealaverdad.com\/index.php\/wp-json\/wp\/v2\/tags?post=58570"}],"curies":[{"name":"wp","href":"https:\/\/api.w.org\/{rel}","templated":true}]}}