{"id":58566,"date":"2026-04-25T17:20:14","date_gmt":"2026-04-25T17:20:14","guid":{"rendered":"https:\/\/defrentealaverdad.com\/?p=58566"},"modified":"2026-04-26T01:21:29","modified_gmt":"2026-04-26T01:21:29","slug":"vanessa-lama-hace-historia-en-el-concejo-de-regidores-de-villa-hermosa-al-convertirse-en-la-primera-mujer-en-presidir-la-sala-capitular","status":"publish","type":"post","link":"https:\/\/defrentealaverdad.com\/index.php\/2026\/04\/25\/vanessa-lama-hace-historia-en-el-concejo-de-regidores-de-villa-hermosa-al-convertirse-en-la-primera-mujer-en-presidir-la-sala-capitular\/","title":{"rendered":"Vanessa Lama hace historia en el Concejo de Regidores de Villa Hermosa al convertirse en la primera mujer en presidir la Sala Capitular"},"content":{"rendered":"<p style=\"text-align: justify;\"><strong>Villa Hermosa, La Romana, Rep\u00fablica Dominicana<\/strong>. \u2014 En un hecho sin precedentes para la vida pol\u00edtica y municipal del municipio, Vanessa Lama ha sido designada como presidenta de la Sala Capitular del Concejo de Regidores de Villa Hermosa, convirti\u00e9ndose en la primera mujer en ocupar esta importante posici\u00f3n.<\/p>\n<p style=\"text-align: justify;\">Este acontecimiento marca un hito significativo en la historia institucional del municipio, reflejando avances en materia de inclusi\u00f3n, liderazgo femenino y participaci\u00f3n equitativa en los espacios de toma de decisiones.<\/p>\n<p style=\"text-align: justify;\">Durante su designaci\u00f3n, Lama expres\u00f3 su compromiso de trabajar con transparencia, responsabilidad y apertura, en favor del desarrollo integral de Villa Hermosa y el bienestar de sus mun\u00edcipes. Asimismo, destac\u00f3 la importancia de continuar abriendo caminos para que m\u00e1s mujeres puedan asumir roles de liderazgo en la gesti\u00f3n p\u00fablica.<\/p>\n<p style=\"text-align: justify;\">Diversos sectores de la sociedad han valorado positivamente este logro, consider\u00e1ndolo un paso firme hacia el fortalecimiento de la democracia local y la igualdad de oportunidades.<\/p>\n<p style=\"text-align: justify;\">Con esta elecci\u00f3n, el Concejo de Regidores de Villa Hermosa reafirma su compromiso con una gesti\u00f3n participativa, moderna y representativa, alineada con los desaf\u00edos actuales del municipio.<\/p>\n<p>Fuente: Proyectos H. R.<\/p>\n","protected":false},"excerpt":{"rendered":"<p>Villa Hermosa, La Romana, Rep\u00fablica Dominicana. \u2014 En un hecho sin precedentes para la vida<\/p>\n","protected":false},"author":1,"featured_media":58567,"comment_status":"open","ping_status":"open","sticky":false,"template":"","format":"standard","meta":{"footnotes":""},"categories":[7],"tags":[],"class_list":["post-58566","post","type-post","status-publish","format-standard","has-post-thumbnail","hentry","category-nacionales"],"_links":{"self":[{"href":"https:\/\/defrentealaverdad.com\/index.php\/wp-json\/wp\/v2\/posts\/58566","targetHints":{"allow":["GET"]}}],"collection":[{"href":"https:\/\/defrentealaverdad.com\/index.php\/wp-json\/wp\/v2\/posts"}],"about":[{"href":"https:\/\/defrentealaverdad.com\/index.php\/wp-json\/wp\/v2\/types\/post"}],"author":[{"embeddable":true,"href":"https:\/\/defrentealaverdad.com\/index.php\/wp-json\/wp\/v2\/users\/1"}],"replies":[{"embeddable":true,"href":"https:\/\/defrentealaverdad.com\/index.php\/wp-json\/wp\/v2\/comments?post=58566"}],"version-history":[{"count":1,"href":"https:\/\/defrentealaverdad.com\/index.php\/wp-json\/wp\/v2\/posts\/58566\/revisions"}],"predecessor-version":[{"id":58568,"href":"https:\/\/defrentealaverdad.com\/index.php\/wp-json\/wp\/v2\/posts\/58566\/revisions\/58568"}],"wp:featuredmedia":[{"embeddable":true,"href":"https:\/\/defrentealaverdad.com\/index.php\/wp-json\/wp\/v2\/media\/58567"}],"wp:attachment":[{"href":"https:\/\/defrentealaverdad.com\/index.php\/wp-json\/wp\/v2\/media?parent=58566"}],"wp:term":[{"taxonomy":"category","embeddable":true,"href":"https:\/\/defrentealaverdad.com\/index.php\/wp-json\/wp\/v2\/categories?post=58566"},{"taxonomy":"post_tag","embeddable":true,"href":"https:\/\/defrentealaverdad.com\/index.php\/wp-json\/wp\/v2\/tags?post=58566"}],"curies":[{"name":"wp","href":"https:\/\/api.w.org\/{rel}","templated":true}]}}