{"id":58560,"date":"2026-04-25T19:13:21","date_gmt":"2026-04-25T19:13:21","guid":{"rendered":"https:\/\/defrentealaverdad.com\/?p=58560"},"modified":"2026-04-26T01:14:57","modified_gmt":"2026-04-26T01:14:57","slug":"mas-de-3000-personas-participan-en-encuentros-de-superate-en-dajabon-y-montecristi","status":"publish","type":"post","link":"https:\/\/defrentealaverdad.com\/index.php\/2026\/04\/25\/mas-de-3000-personas-participan-en-encuentros-de-superate-en-dajabon-y-montecristi\/","title":{"rendered":"M\u00e1s de 3,000 personas participan en encuentros de Sup\u00e9rate en Dajab\u00f3n y Montecristi"},"content":{"rendered":"<blockquote>\n<p style=\"text-align: center;\">En estos espacios de di\u00e1logo abierto, las y los beneficiarios contaron sus experiencias y se identificaron oportunidades a fin de seguir aliviando la carga econ\u00f3mica de miles de hogares vulnerables. En las provincias Dajab\u00f3n y Montecristi, m\u00e1s de 36 mil familias son impactadas con los subsidios que otorga Sup\u00e9rate.<\/p>\n<\/blockquote>\n<p style=\"text-align: justify;\"><strong>Regi\u00f3n Norte, R.D., abril 2026<\/strong>. &#8211; Como parte del compromiso de pasar \u201cdel escritorio al territorio\u201d, la Direcci\u00f3n de Desarrollo Social Sup\u00e9rate se traslad\u00f3 este s\u00e1bado a las provincias Dajab\u00f3n y Montecristi para entablar un di\u00e1logo de escucha activa con las familias beneficiarias de sus programas y subsidios, con el objetivo de continuar fortaleciendo el acompa\u00f1amiento sociofamiliar y garantizar un sistema de protecci\u00f3n social cada vez m\u00e1s inclusivo, humano y eficiente.<\/p>\n<p style=\"text-align: justify;\">Al encabezar el acto, la directora general de Sup\u00e9rate, Mayra Jim\u00e9nez, destac\u00f3 que con esta iniciativa se busca afianzar los v\u00ednculos con las familias participantes, para as\u00ed identificar y priorizar sus necesidades.<\/p>\n<blockquote>\n<p style=\"text-align: center;\">\u201cEstos espacios se conciben como un ejercicio de escucha activa y di\u00e1logo social. No solo refuerzan la transparencia y legitimidad de la gesti\u00f3n p\u00fablica, sino que tambi\u00e9n permiten reafirmar nuestro compromiso con el bienestar familiar bajo un enfoque de derechos y equidad\u201d, asegur\u00f3 Jim\u00e9nez.<\/p>\n<\/blockquote>\n<p style=\"text-align: justify;\">En ambos encuentros, a los que asistieron m\u00e1s de 3,000 personas, las familias expresaron sus inquietudes y valoraron el impacto positivo del apoyo econ\u00f3mico y el acompa\u00f1amiento sociofamiliar recibido por parte del Gobierno dominicano, a trav\u00e9s de Sup\u00e9rate. Estas jornadas, contaron con la participaci\u00f3n del Seguro Nacional de Salud (Senasa), para la inscripci\u00f3n y entrega de carn\u00e9s.<\/p>\n<p style=\"text-align: justify;\">En las provincias Dajab\u00f3n y Montecristi y sus municipios, Sup\u00e9rate impacta a 36,557 familias. De estas, 36,058 cuentan con seguridad alimentaria garantizada a trav\u00e9s del subsidio Alim\u00e9ntate; mientras que Bonog\u00e1s alcanza a 31,897 y el Bonoluz a 19,239.<\/p>\n<p style=\"text-align: justify;\">El respaldo institucional tambi\u00e9n se extiende a la comunidad escolar mediante los incentivos Aprende, que llega a 1,602 hogares y Avanza, con una cobertura de 2,159 familias.<\/p>\n<p style=\"text-align: justify;\">Asimismo, iniciativas dirigidas a poblaciones espec\u00edficas, como Sup\u00e9rate Mujer y a familias con ni\u00f1as, ni\u00f1os y adolescentes contin\u00faan ampliando la cobertura social bajo un enfoque inclusivo.<\/p>\n<p style=\"text-align: justify;\">La directora regional Noroeste de Sup\u00e9rate, Nicauri Valdez, destac\u00f3 el acompa\u00f1amiento sociofamiliar que se brinda a las familias, a quienes invit\u00f3 a participar de estos espacios de di\u00e1logos y en los programas de capacitaci\u00f3n que desarrolla la instituci\u00f3n.<\/p>\n<p style=\"text-align: justify;\">En el encuentro que se llev\u00f3 a cabo en la Escuela La Altagracia, en Dajab\u00f3n participaron el senador de la provincia, Manuel Rodr\u00edguez; la diputada Daritza Zapata, el diputado Adelso de Jes\u00fas, y los alcaldes Santiago River\u00f3n, Daniel Fontanilla, Amable Bueno, Tony Morel, Pedro Tejada y la regidora Giabelys Col\u00f3n.<\/p>\n<p style=\"text-align: justify;\">Tambi\u00e9n estuvieron presentes la subdirectora de Proyectos Sociales de Sup\u00e9rate, Damelia Zapata; la gobernadora provincial, Severina Gil; la exgobernadora Esther Ram\u00edrez, as\u00ed como la encargada de la Oficina Provincial del Ministerio de la Mujer en Dajab\u00f3n, Evelyn Rumaldo Sosa y el exdiputado Dar\u00edo Zapata.<\/p>\n<p style=\"text-align: justify;\">En tanto, el acto desarrollado en el Multiuso Ram\u00f3n Montante Castillo, de Montecristi, cont\u00f3 con la presencia del senador de la provincia Bernardo Alem\u00e1n Rodr\u00edguez, la diputada Johanny Mart\u00ednez; la alcaldesa Eridania Castro; y de los alcaldes Jes\u00fas Jerez, C\u00e9sar Molina, Winston \u00c1lvarez, Verni Jim\u00e9nez y V\u00edctor Espinal.<\/p>\n<p style=\"text-align: justify;\">Adem\u00e1s, participaron la encargada regional de Gabinete de Pol\u00edticas Sociales, Carolina Ram\u00edrez; el coordinador provincial de Sup\u00e9rate, Esdras S\u00e1nchez; y el encargado de la Erradicaci\u00f3n del Trabajo Infantil, Juan Gonz\u00e1lez.<\/p>\n<p style=\"text-align: justify;\">Esta acci\u00f3n forma parte de la estrategia nacional de acompa\u00f1amiento sociofamiliar integral, cuyo objetivo principal es consolidar la superaci\u00f3n de la pobreza, la protecci\u00f3n de derechos y el fortalecimiento de las capacidades en los hogares dominicanos que se encuentran en situaci\u00f3n de vulnerabilidad.<\/p>\n<p>Fuente: Prensa Superate<\/p>\n","protected":false},"excerpt":{"rendered":"<p>En estos espacios de di\u00e1logo abierto, las y los beneficiarios contaron sus experiencias y se<\/p>\n","protected":false},"author":4,"featured_media":58561,"comment_status":"open","ping_status":"open","sticky":false,"template":"","format":"standard","meta":{"footnotes":""},"categories":[7],"tags":[],"class_list":["post-58560","post","type-post","status-publish","format-standard","has-post-thumbnail","hentry","category-nacionales"],"_links":{"self":[{"href":"https:\/\/defrentealaverdad.com\/index.php\/wp-json\/wp\/v2\/posts\/58560","targetHints":{"allow":["GET"]}}],"collection":[{"href":"https:\/\/defrentealaverdad.com\/index.php\/wp-json\/wp\/v2\/posts"}],"about":[{"href":"https:\/\/defrentealaverdad.com\/index.php\/wp-json\/wp\/v2\/types\/post"}],"author":[{"embeddable":true,"href":"https:\/\/defrentealaverdad.com\/index.php\/wp-json\/wp\/v2\/users\/4"}],"replies":[{"embeddable":true,"href":"https:\/\/defrentealaverdad.com\/index.php\/wp-json\/wp\/v2\/comments?post=58560"}],"version-history":[{"count":1,"href":"https:\/\/defrentealaverdad.com\/index.php\/wp-json\/wp\/v2\/posts\/58560\/revisions"}],"predecessor-version":[{"id":58562,"href":"https:\/\/defrentealaverdad.com\/index.php\/wp-json\/wp\/v2\/posts\/58560\/revisions\/58562"}],"wp:featuredmedia":[{"embeddable":true,"href":"https:\/\/defrentealaverdad.com\/index.php\/wp-json\/wp\/v2\/media\/58561"}],"wp:attachment":[{"href":"https:\/\/defrentealaverdad.com\/index.php\/wp-json\/wp\/v2\/media?parent=58560"}],"wp:term":[{"taxonomy":"category","embeddable":true,"href":"https:\/\/defrentealaverdad.com\/index.php\/wp-json\/wp\/v2\/categories?post=58560"},{"taxonomy":"post_tag","embeddable":true,"href":"https:\/\/defrentealaverdad.com\/index.php\/wp-json\/wp\/v2\/tags?post=58560"}],"curies":[{"name":"wp","href":"https:\/\/api.w.org\/{rel}","templated":true}]}}