{"id":58554,"date":"2026-04-25T17:09:42","date_gmt":"2026-04-25T17:09:42","guid":{"rendered":"https:\/\/defrentealaverdad.com\/?p=58554"},"modified":"2026-04-26T01:11:52","modified_gmt":"2026-04-26T01:11:52","slug":"alcaldesa-wendy-cepeda-presenta-rendicion-de-cuentas-2025-2026-y-concejo-de-vocales-elige-nueva-presidenta-de-la-sala-capitular-en-san-luis","status":"publish","type":"post","link":"https:\/\/defrentealaverdad.com\/index.php\/2026\/04\/25\/alcaldesa-wendy-cepeda-presenta-rendicion-de-cuentas-2025-2026-y-concejo-de-vocales-elige-nueva-presidenta-de-la-sala-capitular-en-san-luis\/","title":{"rendered":"Alcaldesa Wendy Cepeda presenta Rendici\u00f3n de Cuentas 2025-2026 y Concejo de Vocales elige nueva presidenta de la Sala Capitular en San Luis"},"content":{"rendered":"<p style=\"text-align: justify;\"><strong>San<\/strong> <strong>Luis, Santo Domingo Este<\/strong>. \u2013 En un acto solemne celebrado este 24 de abril, en el marco del D\u00eda de la Municipalidad en la Rep\u00fablica Dominicana y del 61 aniversario de la Revoluci\u00f3n de Abril de 1965, la alcaldesa Wendy Cepeda realiz\u00f3 la Rendici\u00f3n de Cuentas correspondiente al per\u00edodo abril 2025 \u2013 marzo 2026, en cumplimiento de lo establecido por la Ley 176-07 sobre el Distrito Nacional y los Municipios.<\/p>\n<p style=\"text-align: justify;\">Durante su intervenci\u00f3n, la alcaldesa resalt\u00f3 que su gesti\u00f3n ha estado basada en los principios de transparencia, participaci\u00f3n ciudadana y cumplimiento de las normativas vigentes, incluyendo la Ley 47-25 del Sistema Nacional de Compras y Contrataciones P\u00fablicas. En ese sentido, present\u00f3 las principales ejecutorias desarrolladas por la Junta Municipal San Luis (JMSL) en beneficio de la comunidad.<\/p>\n<p style=\"text-align: justify;\">Entre los logros m\u00e1s relevantes, destac\u00f3 el fortalecimiento del parque vehicular con la incorporaci\u00f3n de dos nuevos camiones recolectores, donados por el Gobierno Central por instrucciones del presidente Luis Abinader, lo que ha contribuido a mejorar significativamente el servicio de recolecci\u00f3n de desechos s\u00f3lidos.<\/p>\n<p style=\"text-align: justify;\">En materia de ornato y limpieza, Cepeda inform\u00f3 que se han recolectado m\u00e1s de 42 mil toneladas de residuos, eliminando vertederos improvisados y realizando operativos de limpieza en ca\u00f1adas, calles y terrenos bald\u00edos. Asimismo, anunci\u00f3 un aumento salarial del 20% para el personal de ornato, reconociendo su ardua labor.<\/p>\n<p style=\"text-align: justify;\">La alcaldesa tambi\u00e9n adelant\u00f3 que, como parte del programa gubernamental \u201cBasura Cero\u201d, se integrar\u00e1n pr\u00f3ximamente cuatro nuevas unidades recolectoras y contenedores estrat\u00e9gicos, adem\u00e1s del inicio del cierre t\u00e9cnico del vertedero municipal a trav\u00e9s del fideicomiso DO Sostenible, medida que impactar\u00e1 positivamente la salud de los residentes.<\/p>\n<p style=\"text-align: justify;\">En el \u00e1mbito social, destac\u00f3 la amplia labor de asistencia comunitaria, que incluye ayudas econ\u00f3micas, reparaci\u00f3n de viviendas, entrega de materiales de construcci\u00f3n, apoyo a embarazadas, estudiantes, deportistas, iglesias y organizaciones sin fines de lucro, reafirmando el compromiso de la gesti\u00f3n con el bienestar de la poblaci\u00f3n.<\/p>\n<p style=\"text-align: justify;\">A trav\u00e9s del presupuesto participativo, la JMSL ejecut\u00f3 el 95% de las obras priorizadas por las comunidades, incluyendo drenajes, alcantarillados, pozos tubulares, construcci\u00f3n de aceras y contenes, as\u00ed como mejoras en el sistema el\u00e9ctrico.<\/p>\n<p style=\"text-align: justify;\">En cuanto a infraestructura, Cepeda anunci\u00f3 importantes avances como la construcci\u00f3n de una cancha deportiva en el sector Alas de la Libertad, la pr\u00f3xima inauguraci\u00f3n del centro comunal de El Establo, la finalizaci\u00f3n de las nuevas oficinas municipales tras m\u00e1s de 20 a\u00f1os paralizadas, y la culminaci\u00f3n de la funeraria municipal en la comunidad de El Naranjo.<\/p>\n<p style=\"text-align: justify;\">Asimismo, resalt\u00f3 la construcci\u00f3n del parque m\u00e1s grande y completo del Distrito Municipal San Luis, con una extensi\u00f3n de 6,600 metros cuadrados, que contar\u00e1 con instalaciones deportivas, \u00e1reas recreativas, gimnasio al aire libre y espacios comunitarios, impactando directamente la calidad de vida de los mun\u00edcipes.<\/p>\n<p style=\"text-align: justify;\"><strong>Rendici\u00f3n del Concejo de Vocales y elecci\u00f3n de nueva presidenta<\/strong><\/p>\n<p style=\"text-align: justify;\"><strong>En el marco de la<\/strong> jornada institucional, el Concejo de Vocales tambi\u00e9n present\u00f3 su rendici\u00f3n de cuentas, dando paso posteriormente al intercambio formal de memorias entre las autoridades municipales.<\/p>\n<p style=\"text-align: justify;\">Tras este proceso, fue escogida como nueva presidenta de la Sala Capitular la regidora Alba de Arias , luego de una votaci\u00f3n realizada entre los cinco regidores que conforman ese \u00f3rgano legislativo municipal.<\/p>\n<p style=\"text-align: justify;\">La propuesta para su designaci\u00f3n fue presentada por el Presidente del Consejo el Regidor Bienvenido Cabral, contando adem\u00e1s con el respaldo de la Regidora Martha Canaan, quien tambi\u00e9n vot\u00f3 a su favor.<\/p>\n<p style=\"text-align: justify;\">La alcaldesa enfatiz\u00f3 la importancia de la articulaci\u00f3n entre el gobierno municipal y el gobierno central, agradeciendo el respaldo del presidente Luis Abinader en obras clave como el asfaltado de calles, construcci\u00f3n de aceras y contenes, y otras intervenciones de infraestructura vial.<\/p>\n<p style=\"text-align: justify;\">Al concluir su discurso, Wendy Cepeda agradeci\u00f3 al Concejo de Vocales, colaboradores, invitados especiales y a toda la comunidad de San Luis por su apoyo y al Presidente de la Rep\u00fablica Sr. Luis Abinader, reiterando su compromiso de continuar trabajando por el desarrollo y bienestar del Distrito Municipal.<\/p>\n<blockquote>\n<p style=\"text-align: center;\">\u201cLos ayuntamientos no solo administran servicios, sino que son el coraz\u00f3n donde se construye el bienestar social y se dignifica la vida de la gente\u201d, expres\u00f3 la alcaldesa.<\/p>\n<\/blockquote>\n<p>&nbsp;<\/p>\n<p>Fuente: Div. Com. Junta Municipal San Luis<\/p>\n","protected":false},"excerpt":{"rendered":"<p>San Luis, Santo Domingo Este. \u2013 En un acto solemne celebrado este 24 de abril,<\/p>\n","protected":false},"author":4,"featured_media":58555,"comment_status":"open","ping_status":"open","sticky":false,"template":"","format":"standard","meta":{"footnotes":""},"categories":[7],"tags":[],"class_list":["post-58554","post","type-post","status-publish","format-standard","has-post-thumbnail","hentry","category-nacionales"],"_links":{"self":[{"href":"https:\/\/defrentealaverdad.com\/index.php\/wp-json\/wp\/v2\/posts\/58554","targetHints":{"allow":["GET"]}}],"collection":[{"href":"https:\/\/defrentealaverdad.com\/index.php\/wp-json\/wp\/v2\/posts"}],"about":[{"href":"https:\/\/defrentealaverdad.com\/index.php\/wp-json\/wp\/v2\/types\/post"}],"author":[{"embeddable":true,"href":"https:\/\/defrentealaverdad.com\/index.php\/wp-json\/wp\/v2\/users\/4"}],"replies":[{"embeddable":true,"href":"https:\/\/defrentealaverdad.com\/index.php\/wp-json\/wp\/v2\/comments?post=58554"}],"version-history":[{"count":1,"href":"https:\/\/defrentealaverdad.com\/index.php\/wp-json\/wp\/v2\/posts\/58554\/revisions"}],"predecessor-version":[{"id":58556,"href":"https:\/\/defrentealaverdad.com\/index.php\/wp-json\/wp\/v2\/posts\/58554\/revisions\/58556"}],"wp:featuredmedia":[{"embeddable":true,"href":"https:\/\/defrentealaverdad.com\/index.php\/wp-json\/wp\/v2\/media\/58555"}],"wp:attachment":[{"href":"https:\/\/defrentealaverdad.com\/index.php\/wp-json\/wp\/v2\/media?parent=58554"}],"wp:term":[{"taxonomy":"category","embeddable":true,"href":"https:\/\/defrentealaverdad.com\/index.php\/wp-json\/wp\/v2\/categories?post=58554"},{"taxonomy":"post_tag","embeddable":true,"href":"https:\/\/defrentealaverdad.com\/index.php\/wp-json\/wp\/v2\/tags?post=58554"}],"curies":[{"name":"wp","href":"https:\/\/api.w.org\/{rel}","templated":true}]}}