{"id":58551,"date":"2026-04-25T15:07:57","date_gmt":"2026-04-25T15:07:57","guid":{"rendered":"https:\/\/defrentealaverdad.com\/?p=58551"},"modified":"2026-04-26T01:09:09","modified_gmt":"2026-04-26T01:09:09","slug":"dronix-inicia-curso-de-pilotaje-de-drone-aplicado-a-la-fotogrametria-fotos-y-videos","status":"publish","type":"post","link":"https:\/\/defrentealaverdad.com\/index.php\/2026\/04\/25\/dronix-inicia-curso-de-pilotaje-de-drone-aplicado-a-la-fotogrametria-fotos-y-videos\/","title":{"rendered":"DRONIX inicia curso de Pilotaje de Drone Aplicado a la Fotogrametr\u00eda, Fotos y Videos"},"content":{"rendered":"<p style=\"text-align: justify;\"><strong>SANTO DOMINGO,\u00a0 abril 2026<\/strong> \u2013 Con el firme compromiso de impulsar la tecnificaci\u00f3n de la industria aeron\u00e1utica no tripulada en el pa\u00eds, DRONIX S.R.L. dio inicio formal a su taller de \u201cPilotaje Profesional: Fotogrametr\u00eda y Modelado 3D\u201d. Esta edici\u00f3n es especialmente significativa, ya que se trata de la promoci\u00f3n No. 229, con la cual la instituci\u00f3n alcanza el importante hito de m\u00e1s de 500 participantes capacitados en su trayectoria acad\u00e9mica.<\/p>\n<p style=\"text-align: justify;\">La capacitaci\u00f3n, que se desarrolla en las instalaciones de PyhexWork, busca dotar a los participantes de herramientas cr\u00edticas para sectores de alto impacto como la agrimensura, la miner\u00eda y la inspecci\u00f3n industrial. Bajo la instrucci\u00f3n del experto Carlos Alberto Cepeda Far\u00edas, profesional con amplia trayectoria en proyectos geoespaciales, los estudiantes aprender\u00e1n a transformar im\u00e1genes a\u00e9reas en modelos tridimensionales y ortomosaicos de alta precisi\u00f3n utilizando el software Agisoft Metashape.<\/p>\n<p style=\"text-align: justify;\">El programa no solo abarca mapeo, sino que introduce aplicaciones avanzadas en termograf\u00eda para paneles solares y operaciones en entornos complejos, incluyendo investigaciones mar\u00edtimas (buques y boyas).<\/p>\n<blockquote>\n<p style=\"text-align: center;\">\u00abEste taller representa una oportunidad \u00fanica para que m\u00e1s personas se integren a una industria en crecimiento, aprendiendo desde la pr\u00e1ctica con herramientas reales que est\u00e1n transformando la forma en que capturamos y analizamos el mundo\u00bb, afirm\u00f3 la producci\u00f3n de DRONIX durante la apertura.<\/p>\n<\/blockquote>\n<p style=\"text-align: justify;\">En esta edici\u00f3n, el curso cuenta con un grupo selecto de 7 participantes, reafirmando la filosof\u00eda de la academia de priorizar clases personalizadas para asegurar que cada egresado pueda ofertar servicios profesionales de inmediato. Es importante destacar que toda la formaci\u00f3n est\u00e1 dise\u00f1ada bajo los lineamientos del RAD 107, cumpliendo estrictamente con la normativa del Instituto Dominicano de Aviaci\u00f3n Civil (IDAC).<\/p>\n<p style=\"text-align: justify;\">DRONIX se consolida como el referente en soluciones con drones en la Rep\u00fablica Dominicana, avalado por una s\u00f3lida trayectoria de colaboraci\u00f3n con instituciones y empresas de renombre como el Grupo Punta Cana, Central Romana, Barrick Pueblo Viejo, la Junta Central Electoral, el MIREX, ProDominicana y la Alcald\u00eda del Distrito Nacional, entre otros.<\/p>\n<p style=\"text-align: justify;\">Esta experiencia garantiza que los conocimientos impartidos a los m\u00e1s de 500 egresados est\u00e1n alineados con las exigencias reales de los sectores estrat\u00e9gicos del pa\u00eds.<\/p>\n<p>Fuente: Prensa DRONIX<\/p>\n","protected":false},"excerpt":{"rendered":"<p>SANTO DOMINGO,\u00a0 abril 2026 \u2013 Con el firme compromiso de impulsar la tecnificaci\u00f3n de la<\/p>\n","protected":false},"author":1,"featured_media":58552,"comment_status":"open","ping_status":"open","sticky":false,"template":"","format":"standard","meta":{"footnotes":""},"categories":[7],"tags":[],"class_list":["post-58551","post","type-post","status-publish","format-standard","has-post-thumbnail","hentry","category-nacionales"],"_links":{"self":[{"href":"https:\/\/defrentealaverdad.com\/index.php\/wp-json\/wp\/v2\/posts\/58551","targetHints":{"allow":["GET"]}}],"collection":[{"href":"https:\/\/defrentealaverdad.com\/index.php\/wp-json\/wp\/v2\/posts"}],"about":[{"href":"https:\/\/defrentealaverdad.com\/index.php\/wp-json\/wp\/v2\/types\/post"}],"author":[{"embeddable":true,"href":"https:\/\/defrentealaverdad.com\/index.php\/wp-json\/wp\/v2\/users\/1"}],"replies":[{"embeddable":true,"href":"https:\/\/defrentealaverdad.com\/index.php\/wp-json\/wp\/v2\/comments?post=58551"}],"version-history":[{"count":1,"href":"https:\/\/defrentealaverdad.com\/index.php\/wp-json\/wp\/v2\/posts\/58551\/revisions"}],"predecessor-version":[{"id":58553,"href":"https:\/\/defrentealaverdad.com\/index.php\/wp-json\/wp\/v2\/posts\/58551\/revisions\/58553"}],"wp:featuredmedia":[{"embeddable":true,"href":"https:\/\/defrentealaverdad.com\/index.php\/wp-json\/wp\/v2\/media\/58552"}],"wp:attachment":[{"href":"https:\/\/defrentealaverdad.com\/index.php\/wp-json\/wp\/v2\/media?parent=58551"}],"wp:term":[{"taxonomy":"category","embeddable":true,"href":"https:\/\/defrentealaverdad.com\/index.php\/wp-json\/wp\/v2\/categories?post=58551"},{"taxonomy":"post_tag","embeddable":true,"href":"https:\/\/defrentealaverdad.com\/index.php\/wp-json\/wp\/v2\/tags?post=58551"}],"curies":[{"name":"wp","href":"https:\/\/api.w.org\/{rel}","templated":true}]}}